{"id":5559,"date":"2026-02-20T16:29:59","date_gmt":"2026-02-20T16:29:59","guid":{"rendered":"https:\/\/escoladigital.madeira.gov.pt\/ebsscruz\/?p=5559"},"modified":"2026-02-20T16:30:38","modified_gmt":"2026-02-20T16:30:38","slug":"%f0%9f%93%b7concurso-de-fotografia-paisagens-da-madeira-2025-2026","status":"publish","type":"post","link":"https:\/\/escoladigital.madeira.gov.pt\/ebsscruz\/2026\/02\/20\/%f0%9f%93%b7concurso-de-fotografia-paisagens-da-madeira-2025-2026\/","title":{"rendered":"\ud83d\udcf7Concurso de Fotografia &#8220;Paisagens da Madeira&#8221; 2025\/2026"},"content":{"rendered":"\n<figure class=\"wp-block-image aligncenter size-large\"><img fetchpriority=\"high\" decoding=\"async\" width=\"1024\" height=\"162\" src=\"https:\/\/escoladigital.madeira.gov.pt\/ebsscruz\/wp-content\/uploads\/sites\/6\/2026\/02\/image-9-1024x162.png\" alt=\"\" class=\"wp-image-5560\" srcset=\"https:\/\/escoladigital.madeira.gov.pt\/ebsscruz\/wp-content\/uploads\/sites\/6\/2026\/02\/image-9-1024x162.png 1024w, https:\/\/escoladigital.madeira.gov.pt\/ebsscruz\/wp-content\/uploads\/sites\/6\/2026\/02\/image-9-300x48.png 300w, https:\/\/escoladigital.madeira.gov.pt\/ebsscruz\/wp-content\/uploads\/sites\/6\/2026\/02\/image-9-768x122.png 768w, https:\/\/escoladigital.madeira.gov.pt\/ebsscruz\/wp-content\/uploads\/sites\/6\/2026\/02\/image-9.png 1136w\" sizes=\"(max-width: 1024px) 100vw, 1024px\" \/><\/figure>\n\n\n\n<p>Est\u00e3o abertas as inscri\u00e7\u00f5es para o concurso de fotografia digital &#8220;Paisagens da Madeira&#8221;, uma iniciativa que desafia os jovens estudantes a captarem a ess\u00eancia natural e humanizada do nosso arquip\u00e9lago.<\/p>\n\n\n\n<p>Promovido pela Secretaria Regional de Educa\u00e7\u00e3o, Ci\u00eancia e Tecnologia (SRE) e pela Dire\u00e7\u00e3o Regional de Educa\u00e7\u00e3o (DRE), em parceria com o Clube de Cinema e Artes Digitais da EBS Gon\u00e7alves Zarco, este concurso visa valorizar o patrim\u00f3nio da RAM e promover a cidadania ativa.<\/p>\n\n\n\n<p><img decoding=\"async\" height=\"16\" width=\"16\" alt=\"\ud83c\udf93\" src=\"https:\/\/static.xx.fbcdn.net\/images\/emoji.php\/v9\/t25\/1\/16\/1f393.png\"> Quem pode participar?<\/p>\n\n\n\n<p>\u2022 O concurso \u00e9 dirigido a alunos do 3.\u00ba ciclo e ensino secund\u00e1rio da Regi\u00e3o Aut\u00f3noma da Madeira.<\/p>\n\n\n\n<p>\u2022 Os candidatos devem ter idade igual ou inferior a 25 anos \u00e0 data do envio dos trabalhos.<\/p>\n\n\n\n<p>\u2022 As escolas devem possuir um Clube Europeu, de Fotografia\/Multim\u00e9dia\/Artes ou projetos que disseminem tem\u00e1ticas europeias e a transforma\u00e7\u00e3o digital.<\/p>\n\n\n\n<p><img decoding=\"async\" height=\"16\" width=\"16\" alt=\"\ud83d\udcdd\" src=\"https:\/\/static.xx.fbcdn.net\/images\/emoji.php\/v9\/tcc\/1\/16\/1f4dd.png\"> Regras e Submiss\u00e3o<\/p>\n\n\n\n<p>\u2022 Tema: Paisagens naturais da Madeira e\/ou elementos da paisagem alterada pela a\u00e7\u00e3o humana.<\/p>\n\n\n\n<p>\u2022 Formato: \u00c9 admitida uma fotografia por participante, em formato JPG (m\u00ednimo 1024&#215;768 pixels), a cores ou preto e branco.<\/p>\n\n\n\n<p>\u2022 Data da Capta\u00e7\u00e3o: A foto pode ter sido tirada h\u00e1, no m\u00e1ximo, dois anos.<\/p>\n\n\n\n<p>\u2022 Prazo: Os trabalhos devem ser submetidos at\u00e9 ao dia 08 de maio de 2026.<\/p>\n\n\n\n<p>\u2022 Inscri\u00e7\u00e3o: O carregamento \u00e9 feito pelo professor coordenador atrav\u00e9s do formul\u00e1rio oficial.<\/p>\n\n\n\n<p><img loading=\"lazy\" decoding=\"async\" height=\"16\" width=\"16\" alt=\"\ud83c\udfc6\" src=\"https:\/\/static.xx.fbcdn.net\/images\/emoji.php\/v9\/tbe\/1\/16\/1f3c6.png\"> Pr\u00e9mios e Exposi\u00e7\u00e3o<\/p>\n\n\n\n<p>O j\u00fari selecionar\u00e1 os 50 melhores trabalhos para uma exposi\u00e7\u00e3o no Espa\u00e7o EntreArte (\u00e1trio da SRE).<\/p>\n\n\n\n<p>As tr\u00eas fotografias mais pontuadas ter\u00e3o direito aos seguintes pr\u00e9mios:<\/p>\n\n\n\n<p><img loading=\"lazy\" decoding=\"async\" height=\"16\" width=\"16\" alt=\"\ud83c\udf81\" src=\"https:\/\/static.xx.fbcdn.net\/images\/emoji.php\/v9\/t84\/1\/16\/1f381.png\">1.\u00ba Lugar <img loading=\"lazy\" decoding=\"async\" height=\"16\" width=\"16\" alt=\"\ud83e\udd47\" src=\"https:\/\/static.xx.fbcdn.net\/images\/emoji.php\/v9\/t94\/1\/16\/1f947.png\">Cart\u00e3o FNAC (100\u20ac) + 1 noite para 2 pessoas (SENSA Hotels) + 1 m\u00eas de assinatura digital JM.<\/p>\n\n\n\n<p><img loading=\"lazy\" decoding=\"async\" height=\"16\" width=\"16\" alt=\"\ud83c\udf81\" src=\"https:\/\/static.xx.fbcdn.net\/images\/emoji.php\/v9\/t84\/1\/16\/1f381.png\">2.\u00ba Lugar <img loading=\"lazy\" decoding=\"async\" height=\"16\" width=\"16\" alt=\"\ud83e\udd48\" src=\"https:\/\/static.xx.fbcdn.net\/images\/emoji.php\/v9\/t15\/1\/16\/1f948.png\">Cart\u00e3o FNAC (75\u20ac) + Inscri\u00e7\u00e3o e 1 mensalidade nos Gin\u00e1sios Be-Fit + 1 m\u00eas de assinatura digital JM.<\/p>\n\n\n\n<p><img loading=\"lazy\" decoding=\"async\" height=\"16\" width=\"16\" alt=\"\ud83c\udf81\" src=\"https:\/\/static.xx.fbcdn.net\/images\/emoji.php\/v9\/t84\/1\/16\/1f381.png\">3.\u00ba Lugar <img loading=\"lazy\" decoding=\"async\" height=\"16\" width=\"16\" alt=\"\ud83e\udd49\" src=\"https:\/\/static.xx.fbcdn.net\/images\/emoji.php\/v9\/t96\/1\/16\/1f949.png\">Cart\u00e3o FNAC (50\u20ac) + 2 passeios de Catamar\u00e3 (VMT Madeira) + 1 m\u00eas de assinatura digital JM.<\/p>\n\n\n\n<p>Acesso ao regulamento: <a href=\"https:\/\/www.madeira.gov.pt\/Portals\/15\/imagens\/dat\/Regulamento%20Concurso_%20Paisagens%20da%20Madeira_2025_r3.pdf?fbclid=IwZXh0bgNhZW0CMTAAYnJpZBEwa2FhSFBnc0hnd2twNk4xZHNydGMGYXBwX2lkEDIyMjAzOTE3ODgyMDA4OTIAAR5HD8-mKDDvaQEbgkVFB-liJs9pQegbarCcIfOeEU8ufqQVHWEEIGYp4_ZMxw_aem_9CsL0i9widkGuMzjIexl2Q\" rel=\"noreferrer noopener\" target=\"_blank\">https:\/\/www.madeira.gov.pt\/\/Portals\/15\/imagens\/dat\/Regulamento%20Concurso_%20Paisagens%20da%20Madeira_2025_r3.pdf<\/a><\/p>\n\n\n\n<p>Inscri\u00e7\u00e3o: <a href=\"https:\/\/teducativas.madeira.gov.pt\/formularios\/index.php\/234496?newtest=Y&amp;lang=pt\">https:\/\/teducativas.madeira.gov.pt\/formularios\/index.php\/234496?newtest=Y&amp;lang=pt<\/a><\/p>\n\n\n\n<p><\/p>\n","protected":false},"excerpt":{"rendered":"<p>Est\u00e3o abertas as inscri\u00e7\u00f5es para o concurso de fotografia digital &#8220;Paisagens da Madeira&#8221;, uma iniciativa que desafia os jovens estudantes [&hellip;]<\/p>\n","protected":false},"author":37,"featured_media":0,"comment_status":"closed","ping_status":"closed","sticky":false,"template":"","format":"standard","meta":{"site-sidebar-layout":"default","site-content-layout":"","ast-site-content-layout":"default","site-content-style":"default","site-sidebar-style":"default","ast-global-header-display":"","ast-banner-title-visibility":"","ast-main-header-display":"","ast-hfb-above-header-display":"","ast-hfb-below-header-display":"","ast-hfb-mobile-header-display":"","site-post-title":"","ast-breadcrumbs-content":"","ast-featured-img":"","footer-sml-layout":"","ast-disable-related-posts":"","theme-transparent-header-meta":"","adv-header-id-meta":"","stick-header-meta":"","header-above-stick-meta":"","header-main-stick-meta":"","header-below-stick-meta":"","astra-migrate-meta-layouts":"default","ast-page-background-enabled":"default","ast-page-background-meta":{"desktop":{"background-color":"var(--ast-global-color-4)","background-image":"","background-repeat":"repeat","background-position":"center center","background-size":"auto","background-attachment":"scroll","background-type":"","background-media":"","overlay-type":"","overlay-color":"","overlay-opacity":"","overlay-gradient":""},"tablet":{"background-color":"","background-image":"","background-repeat":"repeat","background-position":"center center","background-size":"auto","background-attachment":"scroll","background-type":"","background-media":"","overlay-type":"","overlay-color":"","overlay-opacity":"","overlay-gradient":""},"mobile":{"background-color":"","background-image":"","background-repeat":"repeat","background-position":"center center","background-size":"auto","background-attachment":"scroll","background-type":"","background-media":"","overlay-type":"","overlay-color":"","overlay-opacity":"","overlay-gradient":""}},"ast-content-background-meta":{"desktop":{"background-color":"var(--ast-global-color-5)","background-image":"","background-repeat":"repeat","background-position":"center center","background-size":"auto","background-attachment":"scroll","background-type":"","background-media":"","overlay-type":"","overlay-color":"","overlay-opacity":"","overlay-gradient":""},"tablet":{"background-color":"var(--ast-global-color-5)","background-image":"","background-repeat":"repeat","background-position":"center center","background-size":"auto","background-attachment":"scroll","background-type":"","background-media":"","overlay-type":"","overlay-color":"","overlay-opacity":"","overlay-gradient":""},"mobile":{"background-color":"var(--ast-global-color-5)","background-image":"","background-repeat":"repeat","background-position":"center center","background-size":"auto","background-attachment":"scroll","background-type":"","background-media":"","overlay-type":"","overlay-color":"","overlay-opacity":"","overlay-gradient":""}},"_themeisle_gutenberg_block_has_review":false,"footnotes":""},"categories":[9],"tags":[],"class_list":["post-5559","post","type-post","status-publish","format-standard","hentry","category-pp"],"_links":{"self":[{"href":"https:\/\/escoladigital.madeira.gov.pt\/ebsscruz\/wp-json\/wp\/v2\/posts\/5559","targetHints":{"allow":["GET"]}}],"collection":[{"href":"https:\/\/escoladigital.madeira.gov.pt\/ebsscruz\/wp-json\/wp\/v2\/posts"}],"about":[{"href":"https:\/\/escoladigital.madeira.gov.pt\/ebsscruz\/wp-json\/wp\/v2\/types\/post"}],"author":[{"embeddable":true,"href":"https:\/\/escoladigital.madeira.gov.pt\/ebsscruz\/wp-json\/wp\/v2\/users\/37"}],"replies":[{"embeddable":true,"href":"https:\/\/escoladigital.madeira.gov.pt\/ebsscruz\/wp-json\/wp\/v2\/comments?post=5559"}],"version-history":[{"count":2,"href":"https:\/\/escoladigital.madeira.gov.pt\/ebsscruz\/wp-json\/wp\/v2\/posts\/5559\/revisions"}],"predecessor-version":[{"id":5562,"href":"https:\/\/escoladigital.madeira.gov.pt\/ebsscruz\/wp-json\/wp\/v2\/posts\/5559\/revisions\/5562"}],"wp:attachment":[{"href":"https:\/\/escoladigital.madeira.gov.pt\/ebsscruz\/wp-json\/wp\/v2\/media?parent=5559"}],"wp:term":[{"taxonomy":"category","embeddable":true,"href":"https:\/\/escoladigital.madeira.gov.pt\/ebsscruz\/wp-json\/wp\/v2\/categories?post=5559"},{"taxonomy":"post_tag","embeddable":true,"href":"https:\/\/escoladigital.madeira.gov.pt\/ebsscruz\/wp-json\/wp\/v2\/tags?post=5559"}],"curies":[{"name":"wp","href":"https:\/\/api.w.org\/{rel}","templated":true}]}}