{"id":5577,"date":"2026-02-23T18:18:10","date_gmt":"2026-02-23T18:18:10","guid":{"rendered":"https:\/\/escoladigital.madeira.gov.pt\/ebsscruz\/?p=5577"},"modified":"2026-02-24T18:18:57","modified_gmt":"2026-02-24T18:18:57","slug":"alunos-do-5-o-ano-exploram-o-futuro-com-a-palestra-inteligencia-artificial-generativa-e-tecnicas-de-prompt","status":"publish","type":"post","link":"https:\/\/escoladigital.madeira.gov.pt\/ebsscruz\/2026\/02\/23\/alunos-do-5-o-ano-exploram-o-futuro-com-a-palestra-inteligencia-artificial-generativa-e-tecnicas-de-prompt\/","title":{"rendered":"Alunos do 5.\u00ba ano exploram o futuro com a palestra \u201cIntelig\u00eancia Artificial Generativa e T\u00e9cnicas de Prompt\u201d"},"content":{"rendered":"\n<p>No passado dia 23 de fevereiro, a nossa escola recebeu o professor Jo\u00e3o Baptista, da Arditi, para uma enriquecedora palestra te\u00f3rico-pr\u00e1tica subordinada ao tema \u201cIntelig\u00eancia Artificial Generativa e T\u00e9cnicas de Prompt\u201d.<\/p>\n\n\n\n<p>A iniciativa, dirigida a duas turmas do 5.\u00ba ano, proporcionou aos alunos uma verdadeira viagem ao mundo da Intelig\u00eancia Artificial. Atrav\u00e9s da cria\u00e7\u00e3o e interpreta\u00e7\u00e3o de prompts, os estudantes descobriram como instru\u00e7\u00f5es claras e bem formuladas podem gerar conte\u00fados variados \u2014 textos, imagens, m\u00fasicas e v\u00eddeos \u2014 com recurso a ferramentas de IA generativa.<\/p>\n\n\n\n<p>Ao longo da sess\u00e3o, os alunos foram desafiados a desenvolver compet\u00eancias nas \u00e1reas da programa\u00e7\u00e3o, do design e da comunica\u00e7\u00e3o, refor\u00e7ando tamb\u00e9m o pensamento cr\u00edtico e a criatividade. O entusiasmo foi evidente: participaram ativamente, realizaram as tarefas com empenho e aproveitaram o momento para esclarecer d\u00favidas e aprofundar conhecimentos.<\/p>\n\n\n\n<p>Esta experi\u00eancia constituiu um passo significativo na promo\u00e7\u00e3o da literacia digital e no contacto com tecnologias emergentes, preparando os nossos alunos para os desafios e oportunidades do futuro.<\/p>\n\n\n\n<p>As docentes respons\u00e1veis pelo evento: Teresa C\u00e2mara e M\u00f3nica Velosa.<\/p>\n\n\n\n<figure class=\"wp-block-image aligncenter size-full\"><img fetchpriority=\"high\" decoding=\"async\" width=\"723\" height=\"585\" src=\"https:\/\/escoladigital.madeira.gov.pt\/ebsscruz\/wp-content\/uploads\/sites\/6\/2026\/02\/image-10.png\" alt=\"\" class=\"wp-image-5578\" srcset=\"https:\/\/escoladigital.madeira.gov.pt\/ebsscruz\/wp-content\/uploads\/sites\/6\/2026\/02\/image-10.png 723w, https:\/\/escoladigital.madeira.gov.pt\/ebsscruz\/wp-content\/uploads\/sites\/6\/2026\/02\/image-10-300x243.png 300w\" sizes=\"(max-width: 723px) 100vw, 723px\" \/><\/figure>\n","protected":false},"excerpt":{"rendered":"<p>No passado dia 23 de fevereiro, a nossa escola recebeu o professor Jo\u00e3o Baptista, da Arditi, para uma enriquecedora palestra [&hellip;]<\/p>\n","protected":false},"author":37,"featured_media":0,"comment_status":"closed","ping_status":"closed","sticky":false,"template":"","format":"standard","meta":{"site-sidebar-layout":"default","site-content-layout":"","ast-site-content-layout":"default","site-content-style":"default","site-sidebar-style":"default","ast-global-header-display":"","ast-banner-title-visibility":"","ast-main-header-display":"","ast-hfb-above-header-display":"","ast-hfb-below-header-display":"","ast-hfb-mobile-header-display":"","site-post-title":"","ast-breadcrumbs-content":"","ast-featured-img":"","footer-sml-layout":"","ast-disable-related-posts":"","theme-transparent-header-meta":"","adv-header-id-meta":"","stick-header-meta":"","header-above-stick-meta":"","header-main-stick-meta":"","header-below-stick-meta":"","astra-migrate-meta-layouts":"default","ast-page-background-enabled":"default","ast-page-background-meta":{"desktop":{"background-color":"var(--ast-global-color-4)","background-image":"","background-repeat":"repeat","background-position":"center center","background-size":"auto","background-attachment":"scroll","background-type":"","background-media":"","overlay-type":"","overlay-color":"","overlay-opacity":"","overlay-gradient":""},"tablet":{"background-color":"","background-image":"","background-repeat":"repeat","background-position":"center center","background-size":"auto","background-attachment":"scroll","background-type":"","background-media":"","overlay-type":"","overlay-color":"","overlay-opacity":"","overlay-gradient":""},"mobile":{"background-color":"","background-image":"","background-repeat":"repeat","background-position":"center center","background-size":"auto","background-attachment":"scroll","background-type":"","background-media":"","overlay-type":"","overlay-color":"","overlay-opacity":"","overlay-gradient":""}},"ast-content-background-meta":{"desktop":{"background-color":"var(--ast-global-color-5)","background-image":"","background-repeat":"repeat","background-position":"center center","background-size":"auto","background-attachment":"scroll","background-type":"","background-media":"","overlay-type":"","overlay-color":"","overlay-opacity":"","overlay-gradient":""},"tablet":{"background-color":"var(--ast-global-color-5)","background-image":"","background-repeat":"repeat","background-position":"center center","background-size":"auto","background-attachment":"scroll","background-type":"","background-media":"","overlay-type":"","overlay-color":"","overlay-opacity":"","overlay-gradient":""},"mobile":{"background-color":"var(--ast-global-color-5)","background-image":"","background-repeat":"repeat","background-position":"center center","background-size":"auto","background-attachment":"scroll","background-type":"","background-media":"","overlay-type":"","overlay-color":"","overlay-opacity":"","overlay-gradient":""}},"_themeisle_gutenberg_block_has_review":false,"footnotes":""},"categories":[9],"tags":[],"class_list":["post-5577","post","type-post","status-publish","format-standard","hentry","category-pp"],"_links":{"self":[{"href":"https:\/\/escoladigital.madeira.gov.pt\/ebsscruz\/wp-json\/wp\/v2\/posts\/5577","targetHints":{"allow":["GET"]}}],"collection":[{"href":"https:\/\/escoladigital.madeira.gov.pt\/ebsscruz\/wp-json\/wp\/v2\/posts"}],"about":[{"href":"https:\/\/escoladigital.madeira.gov.pt\/ebsscruz\/wp-json\/wp\/v2\/types\/post"}],"author":[{"embeddable":true,"href":"https:\/\/escoladigital.madeira.gov.pt\/ebsscruz\/wp-json\/wp\/v2\/users\/37"}],"replies":[{"embeddable":true,"href":"https:\/\/escoladigital.madeira.gov.pt\/ebsscruz\/wp-json\/wp\/v2\/comments?post=5577"}],"version-history":[{"count":1,"href":"https:\/\/escoladigital.madeira.gov.pt\/ebsscruz\/wp-json\/wp\/v2\/posts\/5577\/revisions"}],"predecessor-version":[{"id":5579,"href":"https:\/\/escoladigital.madeira.gov.pt\/ebsscruz\/wp-json\/wp\/v2\/posts\/5577\/revisions\/5579"}],"wp:attachment":[{"href":"https:\/\/escoladigital.madeira.gov.pt\/ebsscruz\/wp-json\/wp\/v2\/media?parent=5577"}],"wp:term":[{"taxonomy":"category","embeddable":true,"href":"https:\/\/escoladigital.madeira.gov.pt\/ebsscruz\/wp-json\/wp\/v2\/categories?post=5577"},{"taxonomy":"post_tag","embeddable":true,"href":"https:\/\/escoladigital.madeira.gov.pt\/ebsscruz\/wp-json\/wp\/v2\/tags?post=5577"}],"curies":[{"name":"wp","href":"https:\/\/api.w.org\/{rel}","templated":true}]}}