{"id":5686,"date":"2026-03-08T18:20:45","date_gmt":"2026-03-08T18:20:45","guid":{"rendered":"https:\/\/escoladigital.madeira.gov.pt\/ebsscruz\/?p=5686"},"modified":"2026-03-09T18:21:26","modified_gmt":"2026-03-09T18:21:26","slug":"escola-de-santa-cruz-celebra-dia-da-matematica-com-exposicao-espanta-espiritos","status":"publish","type":"post","link":"https:\/\/escoladigital.madeira.gov.pt\/ebsscruz\/2026\/03\/08\/escola-de-santa-cruz-celebra-dia-da-matematica-com-exposicao-espanta-espiritos\/","title":{"rendered":"Escola de Santa Cruz celebra Dia da Matem\u00e1tica com exposi\u00e7\u00e3o \u201cEspanta-Esp\u00edritos\u201d"},"content":{"rendered":"\n<p><a href=\"https:\/\/l.facebook.com\/l.php?u=https%3A%2F%2Ffreguesias.dnoticias.pt%2Fescola-de-santa-cruz-celebra-dia-da-matematica-com-exposicao-espanta-espiritos%2F%3Futm_source%3Dfacebook%26utm_medium%3Dfacebook%26fbclid%3DIwZXh0bgNhZW0CMTEAc3J0YwZhcHBfaWQQMjIyMDM5MTc4ODIwMDg5MgABHual9jfb5LGr3m4uFVMkkCrwoDUtgOjH7eK2pX5M6ized-O78-msOO4S9rjE_aem_zBuOntqrf274PNYHN3rAfA&amp;h=AT5dUb-uiTsgZRUvC9PCujTR2VGAfm9CLWx9hBoLccAvs4KFjEEkjLEY69zed5qgrQ7bMFGQqACAqleyYasoKpC_9iV-7T9VtbajCwMGogpzFNG-spo4iMvMB1NOuVAVshtdw_dVUpDSJgLD&amp;tn=H-R&amp;c[0]=AT7ltRxuoHwFEtQHpXda2HO1cn0YayPXZFTL5r8nBevqT53048ND9RkXccw9R1BOP5vTSkb3q7fRZdzBozOys-prvgGRVxMCgKUdVgZrnnSX3lwREVo6dZY0zkhmNj_Mg1CLwRahoKOW72TECyCMdkhvKFstG4AZ1Z86aqYZiPMB4lc9BaRulo1iA7EGvMZliWwswzUtJR-O69vkSiVIQOG_wQ\">https:\/\/l.facebook.com\/l.php?u=https%3A%2F%2Ffreguesias.dnoticias.pt%2Fescola-de-santa-cruz-celebra-dia-da-matematica-com-exposicao-espanta-espiritos%2F%3Futm_source%3Dfacebook%26utm_medium%3Dfacebook%26fbclid%3DIwZXh0bgNhZW0CMTEAc3J0YwZhcHBfaWQQMjIyMDM5MTc4ODIwMDg5MgABHual9jfb5LGr3m4uFVMkkCrwoDUtgOjH7eK2pX5M6ized-O78-msOO4S9rjE_aem_zBuOntqrf274PNYHN3rAfA&amp;h=AT5dUb-uiTsgZRUvC9PCujTR2VGAfm9CLWx9hBoLccAvs4KFjEEkjLEY69zed5qgrQ7bMFGQqACAqleyYasoKpC_9iV-7T9VtbajCwMGogpzFNG-spo4iMvMB1NOuVAVshtdw_dVUpDSJgLD&amp;<strong>tn<\/strong>=H-R&amp;c[0]=AT7ltRxuoHwFEtQHpXda2HO1cn0YayPXZFTL5r8nBevqT53048ND9RkXccw9R1BOP5vTSkb3q7fRZdzBozOys-prvgGRVxMCgKUdVgZrnnSX3lwREVo6dZY0zkhmNj_Mg1CLwRahoKOW72TECyCMdkhvKFstG4AZ1Z86aqYZiPMB4lc9BaRulo1iA7EGvMZliWwswzUtJR-O69vkSiVIQOG_wQ<\/a><\/p>\n","protected":false},"excerpt":{"rendered":"<p>https:\/\/l.facebook.com\/l.php?u=https%3A%2F%2Ffreguesias.dnoticias.pt%2Fescola-de-santa-cruz-celebra-dia-da-matematica-com-exposicao-espanta-espiritos%2F%3Futm_source%3Dfacebook%26utm_medium%3Dfacebook%26fbclid%3DIwZXh0bgNhZW0CMTEAc3J0YwZhcHBfaWQQMjIyMDM5MTc4ODIwMDg5MgABHual9jfb5LGr3m4uFVMkkCrwoDUtgOjH7eK2pX5M6ized-O78-msOO4S9rjE_aem_zBuOntqrf274PNYHN3rAfA&amp;h=AT5dUb-uiTsgZRUvC9PCujTR2VGAfm9CLWx9hBoLccAvs4KFjEEkjLEY69zed5qgrQ7bMFGQqACAqleyYasoKpC_9iV-7T9VtbajCwMGogpzFNG-spo4iMvMB1NOuVAVshtdw_dVUpDSJgLD&amp;tn=H-R&amp;c[0]=AT7ltRxuoHwFEtQHpXda2HO1cn0YayPXZFTL5r8nBevqT53048ND9RkXccw9R1BOP5vTSkb3q7fRZdzBozOys-prvgGRVxMCgKUdVgZrnnSX3lwREVo6dZY0zkhmNj_Mg1CLwRahoKOW72TECyCMdkhvKFstG4AZ1Z86aqYZiPMB4lc9BaRulo1iA7EGvMZliWwswzUtJR-O69vkSiVIQOG_wQ<\/p>\n","protected":false},"author":37,"featured_media":0,"comment_status":"closed","ping_status":"closed","sticky":false,"template":"","format":"standard","meta":{"site-sidebar-layout":"default","site-content-layout":"","ast-site-content-layout":"default","site-content-style":"default","site-sidebar-style":"default","ast-global-header-display":"","ast-banner-title-visibility":"","ast-main-header-display":"","ast-hfb-above-header-display":"","ast-hfb-below-header-display":"","ast-hfb-mobile-header-display":"","site-post-title":"","ast-breadcrumbs-content":"","ast-featured-img":"","footer-sml-layout":"","ast-disable-related-posts":"","theme-transparent-header-meta":"","adv-header-id-meta":"","stick-header-meta":"","header-above-stick-meta":"","header-main-stick-meta":"","header-below-stick-meta":"","astra-migrate-meta-layouts":"default","ast-page-background-enabled":"default","ast-page-background-meta":{"desktop":{"background-color":"var(--ast-global-color-4)","background-image":"","background-repeat":"repeat","background-position":"center center","background-size":"auto","background-attachment":"scroll","background-type":"","background-media":"","overlay-type":"","overlay-color":"","overlay-opacity":"","overlay-gradient":""},"tablet":{"background-color":"","background-image":"","background-repeat":"repeat","background-position":"center center","background-size":"auto","background-attachment":"scroll","background-type":"","background-media":"","overlay-type":"","overlay-color":"","overlay-opacity":"","overlay-gradient":""},"mobile":{"background-color":"","background-image":"","background-repeat":"repeat","background-position":"center center","background-size":"auto","background-attachment":"scroll","background-type":"","background-media":"","overlay-type":"","overlay-color":"","overlay-opacity":"","overlay-gradient":""}},"ast-content-background-meta":{"desktop":{"background-color":"var(--ast-global-color-5)","background-image":"","background-repeat":"repeat","background-position":"center center","background-size":"auto","background-attachment":"scroll","background-type":"","background-media":"","overlay-type":"","overlay-color":"","overlay-opacity":"","overlay-gradient":""},"tablet":{"background-color":"var(--ast-global-color-5)","background-image":"","background-repeat":"repeat","background-position":"center center","background-size":"auto","background-attachment":"scroll","background-type":"","background-media":"","overlay-type":"","overlay-color":"","overlay-opacity":"","overlay-gradient":""},"mobile":{"background-color":"var(--ast-global-color-5)","background-image":"","background-repeat":"repeat","background-position":"center center","background-size":"auto","background-attachment":"scroll","background-type":"","background-media":"","overlay-type":"","overlay-color":"","overlay-opacity":"","overlay-gradient":""}},"_themeisle_gutenberg_block_has_review":false,"footnotes":""},"categories":[9],"tags":[],"class_list":["post-5686","post","type-post","status-publish","format-standard","hentry","category-pp"],"_links":{"self":[{"href":"https:\/\/escoladigital.madeira.gov.pt\/ebsscruz\/wp-json\/wp\/v2\/posts\/5686","targetHints":{"allow":["GET"]}}],"collection":[{"href":"https:\/\/escoladigital.madeira.gov.pt\/ebsscruz\/wp-json\/wp\/v2\/posts"}],"about":[{"href":"https:\/\/escoladigital.madeira.gov.pt\/ebsscruz\/wp-json\/wp\/v2\/types\/post"}],"author":[{"embeddable":true,"href":"https:\/\/escoladigital.madeira.gov.pt\/ebsscruz\/wp-json\/wp\/v2\/users\/37"}],"replies":[{"embeddable":true,"href":"https:\/\/escoladigital.madeira.gov.pt\/ebsscruz\/wp-json\/wp\/v2\/comments?post=5686"}],"version-history":[{"count":1,"href":"https:\/\/escoladigital.madeira.gov.pt\/ebsscruz\/wp-json\/wp\/v2\/posts\/5686\/revisions"}],"predecessor-version":[{"id":5687,"href":"https:\/\/escoladigital.madeira.gov.pt\/ebsscruz\/wp-json\/wp\/v2\/posts\/5686\/revisions\/5687"}],"wp:attachment":[{"href":"https:\/\/escoladigital.madeira.gov.pt\/ebsscruz\/wp-json\/wp\/v2\/media?parent=5686"}],"wp:term":[{"taxonomy":"category","embeddable":true,"href":"https:\/\/escoladigital.madeira.gov.pt\/ebsscruz\/wp-json\/wp\/v2\/categories?post=5686"},{"taxonomy":"post_tag","embeddable":true,"href":"https:\/\/escoladigital.madeira.gov.pt\/ebsscruz\/wp-json\/wp\/v2\/tags?post=5686"}],"curies":[{"name":"wp","href":"https:\/\/api.w.org\/{rel}","templated":true}]}}