{"id":5693,"date":"2026-03-10T20:31:04","date_gmt":"2026-03-10T20:31:04","guid":{"rendered":"https:\/\/escoladigital.madeira.gov.pt\/ebsscruz\/?p=5693"},"modified":"2026-03-10T20:31:04","modified_gmt":"2026-03-10T20:31:04","slug":"corta-mato-regional-reune-alunos-de-toda-a-regiao","status":"publish","type":"post","link":"https:\/\/escoladigital.madeira.gov.pt\/ebsscruz\/2026\/03\/10\/corta-mato-regional-reune-alunos-de-toda-a-regiao\/","title":{"rendered":"Corta-Mato Regional re\u00fane alunos de toda a Regi\u00e3o"},"content":{"rendered":"\n<p>Hoje, a nossa escola participou no Corta-Mato Regional, organizado pela Dire\u00e7\u00e3o de Servi\u00e7os do Desporto Escolar. Este evento contou com a participa\u00e7\u00e3o da grande maioria das escolas da Regi\u00e3o, representadas pelos alunos que se destacaram e venceram nos respetivos escal\u00f5es do corta-mato escolar.<br>Foi um dia marcado por muita energia, esp\u00edrito desportivo e conv\u00edvio, onde os alunos tiveram a oportunidade de colocar \u00e0 prova as suas capacidades, partilhar experi\u00eancias e fortalecer la\u00e7os com colegas de outras escolas.<br>A participa\u00e7\u00e3o neste tipo de iniciativas refor\u00e7a a import\u00e2ncia da pr\u00e1tica desportiva, do fair-play e da socializa\u00e7\u00e3o, valores fundamentais na forma\u00e7\u00e3o dos nossos alunos. Parab\u00e9ns a todos os participantes pelo empenho e pela forma exemplar como representaram a nossa escola.<\/p>\n\n\n\n<figure class=\"wp-block-gallery has-nested-images columns-default is-cropped wp-block-gallery-1 is-layout-flex wp-block-gallery-is-layout-flex\">\n<figure class=\"wp-block-image size-large\"><img fetchpriority=\"high\" decoding=\"async\" width=\"768\" height=\"1024\" data-id=\"5698\" src=\"https:\/\/escoladigital.madeira.gov.pt\/ebsscruz\/wp-content\/uploads\/sites\/6\/2026\/03\/WhatsApp-Image-2026-03-10-at-15.36.11-3-768x1024.jpeg\" alt=\"\" class=\"wp-image-5698\" srcset=\"https:\/\/escoladigital.madeira.gov.pt\/ebsscruz\/wp-content\/uploads\/sites\/6\/2026\/03\/WhatsApp-Image-2026-03-10-at-15.36.11-3-768x1024.jpeg 768w, https:\/\/escoladigital.madeira.gov.pt\/ebsscruz\/wp-content\/uploads\/sites\/6\/2026\/03\/WhatsApp-Image-2026-03-10-at-15.36.11-3-225x300.jpeg 225w, https:\/\/escoladigital.madeira.gov.pt\/ebsscruz\/wp-content\/uploads\/sites\/6\/2026\/03\/WhatsApp-Image-2026-03-10-at-15.36.11-3-1152x1536.jpeg 1152w, https:\/\/escoladigital.madeira.gov.pt\/ebsscruz\/wp-content\/uploads\/sites\/6\/2026\/03\/WhatsApp-Image-2026-03-10-at-15.36.11-3-1536x2048.jpeg 1536w, https:\/\/escoladigital.madeira.gov.pt\/ebsscruz\/wp-content\/uploads\/sites\/6\/2026\/03\/WhatsApp-Image-2026-03-10-at-15.36.11-3-scaled.jpeg 1920w\" sizes=\"(max-width: 768px) 100vw, 768px\" \/><\/figure>\n\n\n\n<figure class=\"wp-block-image size-large\"><img decoding=\"async\" width=\"768\" height=\"1024\" data-id=\"5703\" src=\"https:\/\/escoladigital.madeira.gov.pt\/ebsscruz\/wp-content\/uploads\/sites\/6\/2026\/03\/WhatsApp-Image-2026-03-10-at-15.36.11-2-768x1024.jpeg\" alt=\"\" class=\"wp-image-5703\" srcset=\"https:\/\/escoladigital.madeira.gov.pt\/ebsscruz\/wp-content\/uploads\/sites\/6\/2026\/03\/WhatsApp-Image-2026-03-10-at-15.36.11-2-768x1024.jpeg 768w, https:\/\/escoladigital.madeira.gov.pt\/ebsscruz\/wp-content\/uploads\/sites\/6\/2026\/03\/WhatsApp-Image-2026-03-10-at-15.36.11-2-225x300.jpeg 225w, https:\/\/escoladigital.madeira.gov.pt\/ebsscruz\/wp-content\/uploads\/sites\/6\/2026\/03\/WhatsApp-Image-2026-03-10-at-15.36.11-2-1152x1536.jpeg 1152w, https:\/\/escoladigital.madeira.gov.pt\/ebsscruz\/wp-content\/uploads\/sites\/6\/2026\/03\/WhatsApp-Image-2026-03-10-at-15.36.11-2-1536x2048.jpeg 1536w, https:\/\/escoladigital.madeira.gov.pt\/ebsscruz\/wp-content\/uploads\/sites\/6\/2026\/03\/WhatsApp-Image-2026-03-10-at-15.36.11-2-scaled.jpeg 1920w\" sizes=\"(max-width: 768px) 100vw, 768px\" \/><\/figure>\n\n\n\n<figure class=\"wp-block-image size-large\"><img decoding=\"async\" width=\"768\" height=\"1024\" data-id=\"5699\" src=\"https:\/\/escoladigital.madeira.gov.pt\/ebsscruz\/wp-content\/uploads\/sites\/6\/2026\/03\/WhatsApp-Image-2026-03-10-at-15.36.11-1-768x1024.jpeg\" alt=\"\" class=\"wp-image-5699\" srcset=\"https:\/\/escoladigital.madeira.gov.pt\/ebsscruz\/wp-content\/uploads\/sites\/6\/2026\/03\/WhatsApp-Image-2026-03-10-at-15.36.11-1-768x1024.jpeg 768w, https:\/\/escoladigital.madeira.gov.pt\/ebsscruz\/wp-content\/uploads\/sites\/6\/2026\/03\/WhatsApp-Image-2026-03-10-at-15.36.11-1-225x300.jpeg 225w, https:\/\/escoladigital.madeira.gov.pt\/ebsscruz\/wp-content\/uploads\/sites\/6\/2026\/03\/WhatsApp-Image-2026-03-10-at-15.36.11-1-1152x1536.jpeg 1152w, https:\/\/escoladigital.madeira.gov.pt\/ebsscruz\/wp-content\/uploads\/sites\/6\/2026\/03\/WhatsApp-Image-2026-03-10-at-15.36.11-1-1536x2048.jpeg 1536w, https:\/\/escoladigital.madeira.gov.pt\/ebsscruz\/wp-content\/uploads\/sites\/6\/2026\/03\/WhatsApp-Image-2026-03-10-at-15.36.11-1-scaled.jpeg 1920w\" sizes=\"(max-width: 768px) 100vw, 768px\" \/><\/figure>\n\n\n\n<figure class=\"wp-block-image size-large\"><img loading=\"lazy\" decoding=\"async\" width=\"768\" height=\"1024\" data-id=\"5697\" src=\"https:\/\/escoladigital.madeira.gov.pt\/ebsscruz\/wp-content\/uploads\/sites\/6\/2026\/03\/WhatsApp-Image-2026-03-10-at-15.36.11-768x1024.jpeg\" alt=\"\" class=\"wp-image-5697\" srcset=\"https:\/\/escoladigital.madeira.gov.pt\/ebsscruz\/wp-content\/uploads\/sites\/6\/2026\/03\/WhatsApp-Image-2026-03-10-at-15.36.11-768x1024.jpeg 768w, https:\/\/escoladigital.madeira.gov.pt\/ebsscruz\/wp-content\/uploads\/sites\/6\/2026\/03\/WhatsApp-Image-2026-03-10-at-15.36.11-225x300.jpeg 225w, https:\/\/escoladigital.madeira.gov.pt\/ebsscruz\/wp-content\/uploads\/sites\/6\/2026\/03\/WhatsApp-Image-2026-03-10-at-15.36.11-1152x1536.jpeg 1152w, https:\/\/escoladigital.madeira.gov.pt\/ebsscruz\/wp-content\/uploads\/sites\/6\/2026\/03\/WhatsApp-Image-2026-03-10-at-15.36.11-1536x2048.jpeg 1536w, https:\/\/escoladigital.madeira.gov.pt\/ebsscruz\/wp-content\/uploads\/sites\/6\/2026\/03\/WhatsApp-Image-2026-03-10-at-15.36.11-scaled.jpeg 1920w\" sizes=\"(max-width: 768px) 100vw, 768px\" \/><\/figure>\n\n\n\n<figure class=\"wp-block-image size-large\"><img loading=\"lazy\" decoding=\"async\" width=\"768\" height=\"1024\" data-id=\"5694\" src=\"https:\/\/escoladigital.madeira.gov.pt\/ebsscruz\/wp-content\/uploads\/sites\/6\/2026\/03\/WhatsApp-Image-2026-03-10-at-15.36.10-5-768x1024.jpeg\" alt=\"\" class=\"wp-image-5694\" srcset=\"https:\/\/escoladigital.madeira.gov.pt\/ebsscruz\/wp-content\/uploads\/sites\/6\/2026\/03\/WhatsApp-Image-2026-03-10-at-15.36.10-5-768x1024.jpeg 768w, https:\/\/escoladigital.madeira.gov.pt\/ebsscruz\/wp-content\/uploads\/sites\/6\/2026\/03\/WhatsApp-Image-2026-03-10-at-15.36.10-5-225x300.jpeg 225w, https:\/\/escoladigital.madeira.gov.pt\/ebsscruz\/wp-content\/uploads\/sites\/6\/2026\/03\/WhatsApp-Image-2026-03-10-at-15.36.10-5-1152x1536.jpeg 1152w, https:\/\/escoladigital.madeira.gov.pt\/ebsscruz\/wp-content\/uploads\/sites\/6\/2026\/03\/WhatsApp-Image-2026-03-10-at-15.36.10-5-1536x2048.jpeg 1536w, https:\/\/escoladigital.madeira.gov.pt\/ebsscruz\/wp-content\/uploads\/sites\/6\/2026\/03\/WhatsApp-Image-2026-03-10-at-15.36.10-5-scaled.jpeg 1920w\" sizes=\"(max-width: 768px) 100vw, 768px\" \/><\/figure>\n\n\n\n<figure class=\"wp-block-image size-large\"><img loading=\"lazy\" decoding=\"async\" width=\"768\" height=\"1024\" data-id=\"5695\" src=\"https:\/\/escoladigital.madeira.gov.pt\/ebsscruz\/wp-content\/uploads\/sites\/6\/2026\/03\/WhatsApp-Image-2026-03-10-at-15.36.10-4-768x1024.jpeg\" alt=\"\" class=\"wp-image-5695\" srcset=\"https:\/\/escoladigital.madeira.gov.pt\/ebsscruz\/wp-content\/uploads\/sites\/6\/2026\/03\/WhatsApp-Image-2026-03-10-at-15.36.10-4-768x1024.jpeg 768w, https:\/\/escoladigital.madeira.gov.pt\/ebsscruz\/wp-content\/uploads\/sites\/6\/2026\/03\/WhatsApp-Image-2026-03-10-at-15.36.10-4-225x300.jpeg 225w, https:\/\/escoladigital.madeira.gov.pt\/ebsscruz\/wp-content\/uploads\/sites\/6\/2026\/03\/WhatsApp-Image-2026-03-10-at-15.36.10-4-1152x1536.jpeg 1152w, https:\/\/escoladigital.madeira.gov.pt\/ebsscruz\/wp-content\/uploads\/sites\/6\/2026\/03\/WhatsApp-Image-2026-03-10-at-15.36.10-4-1536x2048.jpeg 1536w, https:\/\/escoladigital.madeira.gov.pt\/ebsscruz\/wp-content\/uploads\/sites\/6\/2026\/03\/WhatsApp-Image-2026-03-10-at-15.36.10-4-scaled.jpeg 1920w\" sizes=\"(max-width: 768px) 100vw, 768px\" \/><\/figure>\n\n\n\n<figure class=\"wp-block-image size-large\"><img loading=\"lazy\" decoding=\"async\" width=\"768\" height=\"1024\" data-id=\"5696\" src=\"https:\/\/escoladigital.madeira.gov.pt\/ebsscruz\/wp-content\/uploads\/sites\/6\/2026\/03\/WhatsApp-Image-2026-03-10-at-15.36.10-3-768x1024.jpeg\" alt=\"\" class=\"wp-image-5696\" srcset=\"https:\/\/escoladigital.madeira.gov.pt\/ebsscruz\/wp-content\/uploads\/sites\/6\/2026\/03\/WhatsApp-Image-2026-03-10-at-15.36.10-3-768x1024.jpeg 768w, https:\/\/escoladigital.madeira.gov.pt\/ebsscruz\/wp-content\/uploads\/sites\/6\/2026\/03\/WhatsApp-Image-2026-03-10-at-15.36.10-3-225x300.jpeg 225w, https:\/\/escoladigital.madeira.gov.pt\/ebsscruz\/wp-content\/uploads\/sites\/6\/2026\/03\/WhatsApp-Image-2026-03-10-at-15.36.10-3-1152x1536.jpeg 1152w, https:\/\/escoladigital.madeira.gov.pt\/ebsscruz\/wp-content\/uploads\/sites\/6\/2026\/03\/WhatsApp-Image-2026-03-10-at-15.36.10-3-1536x2048.jpeg 1536w, https:\/\/escoladigital.madeira.gov.pt\/ebsscruz\/wp-content\/uploads\/sites\/6\/2026\/03\/WhatsApp-Image-2026-03-10-at-15.36.10-3-scaled.jpeg 1920w\" sizes=\"(max-width: 768px) 100vw, 768px\" \/><\/figure>\n\n\n\n<figure class=\"wp-block-image size-large\"><img loading=\"lazy\" decoding=\"async\" width=\"1024\" height=\"768\" data-id=\"5700\" src=\"https:\/\/escoladigital.madeira.gov.pt\/ebsscruz\/wp-content\/uploads\/sites\/6\/2026\/03\/WhatsApp-Image-2026-03-10-at-15.36.10-2-1024x768.jpeg\" alt=\"\" class=\"wp-image-5700\" srcset=\"https:\/\/escoladigital.madeira.gov.pt\/ebsscruz\/wp-content\/uploads\/sites\/6\/2026\/03\/WhatsApp-Image-2026-03-10-at-15.36.10-2-1024x768.jpeg 1024w, https:\/\/escoladigital.madeira.gov.pt\/ebsscruz\/wp-content\/uploads\/sites\/6\/2026\/03\/WhatsApp-Image-2026-03-10-at-15.36.10-2-300x225.jpeg 300w, https:\/\/escoladigital.madeira.gov.pt\/ebsscruz\/wp-content\/uploads\/sites\/6\/2026\/03\/WhatsApp-Image-2026-03-10-at-15.36.10-2-768x576.jpeg 768w, https:\/\/escoladigital.madeira.gov.pt\/ebsscruz\/wp-content\/uploads\/sites\/6\/2026\/03\/WhatsApp-Image-2026-03-10-at-15.36.10-2-1536x1152.jpeg 1536w, https:\/\/escoladigital.madeira.gov.pt\/ebsscruz\/wp-content\/uploads\/sites\/6\/2026\/03\/WhatsApp-Image-2026-03-10-at-15.36.10-2-2048x1536.jpeg 2048w\" sizes=\"(max-width: 1024px) 100vw, 1024px\" \/><\/figure>\n\n\n\n<figure class=\"wp-block-image size-large\"><img loading=\"lazy\" decoding=\"async\" width=\"768\" height=\"1024\" data-id=\"5701\" src=\"https:\/\/escoladigital.madeira.gov.pt\/ebsscruz\/wp-content\/uploads\/sites\/6\/2026\/03\/WhatsApp-Image-2026-03-10-at-15.36.10-1-768x1024.jpeg\" alt=\"\" class=\"wp-image-5701\" srcset=\"https:\/\/escoladigital.madeira.gov.pt\/ebsscruz\/wp-content\/uploads\/sites\/6\/2026\/03\/WhatsApp-Image-2026-03-10-at-15.36.10-1-768x1024.jpeg 768w, https:\/\/escoladigital.madeira.gov.pt\/ebsscruz\/wp-content\/uploads\/sites\/6\/2026\/03\/WhatsApp-Image-2026-03-10-at-15.36.10-1-225x300.jpeg 225w, https:\/\/escoladigital.madeira.gov.pt\/ebsscruz\/wp-content\/uploads\/sites\/6\/2026\/03\/WhatsApp-Image-2026-03-10-at-15.36.10-1-1152x1536.jpeg 1152w, https:\/\/escoladigital.madeira.gov.pt\/ebsscruz\/wp-content\/uploads\/sites\/6\/2026\/03\/WhatsApp-Image-2026-03-10-at-15.36.10-1-1536x2048.jpeg 1536w, https:\/\/escoladigital.madeira.gov.pt\/ebsscruz\/wp-content\/uploads\/sites\/6\/2026\/03\/WhatsApp-Image-2026-03-10-at-15.36.10-1-scaled.jpeg 1920w\" sizes=\"(max-width: 768px) 100vw, 768px\" \/><\/figure>\n\n\n\n<figure class=\"wp-block-image size-large\"><img loading=\"lazy\" decoding=\"async\" width=\"768\" height=\"1024\" data-id=\"5702\" src=\"https:\/\/escoladigital.madeira.gov.pt\/ebsscruz\/wp-content\/uploads\/sites\/6\/2026\/03\/WhatsApp-Image-2026-03-10-at-15.36.10-768x1024.jpeg\" alt=\"\" class=\"wp-image-5702\" srcset=\"https:\/\/escoladigital.madeira.gov.pt\/ebsscruz\/wp-content\/uploads\/sites\/6\/2026\/03\/WhatsApp-Image-2026-03-10-at-15.36.10-768x1024.jpeg 768w, https:\/\/escoladigital.madeira.gov.pt\/ebsscruz\/wp-content\/uploads\/sites\/6\/2026\/03\/WhatsApp-Image-2026-03-10-at-15.36.10-225x300.jpeg 225w, https:\/\/escoladigital.madeira.gov.pt\/ebsscruz\/wp-content\/uploads\/sites\/6\/2026\/03\/WhatsApp-Image-2026-03-10-at-15.36.10-1152x1536.jpeg 1152w, https:\/\/escoladigital.madeira.gov.pt\/ebsscruz\/wp-content\/uploads\/sites\/6\/2026\/03\/WhatsApp-Image-2026-03-10-at-15.36.10-1536x2048.jpeg 1536w, https:\/\/escoladigital.madeira.gov.pt\/ebsscruz\/wp-content\/uploads\/sites\/6\/2026\/03\/WhatsApp-Image-2026-03-10-at-15.36.10-scaled.jpeg 1920w\" sizes=\"(max-width: 768px) 100vw, 768px\" \/><\/figure>\n\n\n\n<figure class=\"wp-block-image size-large\"><img loading=\"lazy\" decoding=\"async\" width=\"768\" height=\"1024\" data-id=\"5704\" src=\"https:\/\/escoladigital.madeira.gov.pt\/ebsscruz\/wp-content\/uploads\/sites\/6\/2026\/03\/WhatsApp-Image-2026-03-10-at-15.36.09-768x1024.jpeg\" alt=\"\" class=\"wp-image-5704\" srcset=\"https:\/\/escoladigital.madeira.gov.pt\/ebsscruz\/wp-content\/uploads\/sites\/6\/2026\/03\/WhatsApp-Image-2026-03-10-at-15.36.09-768x1024.jpeg 768w, https:\/\/escoladigital.madeira.gov.pt\/ebsscruz\/wp-content\/uploads\/sites\/6\/2026\/03\/WhatsApp-Image-2026-03-10-at-15.36.09-225x300.jpeg 225w, https:\/\/escoladigital.madeira.gov.pt\/ebsscruz\/wp-content\/uploads\/sites\/6\/2026\/03\/WhatsApp-Image-2026-03-10-at-15.36.09-1152x1536.jpeg 1152w, https:\/\/escoladigital.madeira.gov.pt\/ebsscruz\/wp-content\/uploads\/sites\/6\/2026\/03\/WhatsApp-Image-2026-03-10-at-15.36.09-1536x2048.jpeg 1536w, https:\/\/escoladigital.madeira.gov.pt\/ebsscruz\/wp-content\/uploads\/sites\/6\/2026\/03\/WhatsApp-Image-2026-03-10-at-15.36.09-scaled.jpeg 1920w\" sizes=\"(max-width: 768px) 100vw, 768px\" \/><\/figure>\n<\/figure>\n","protected":false},"excerpt":{"rendered":"<p>Hoje, a nossa escola participou no Corta-Mato Regional, organizado pela Dire\u00e7\u00e3o de Servi\u00e7os do Desporto Escolar. Este evento contou com [&hellip;]<\/p>\n","protected":false},"author":37,"featured_media":0,"comment_status":"closed","ping_status":"closed","sticky":false,"template":"","format":"standard","meta":{"site-sidebar-layout":"default","site-content-layout":"","ast-site-content-layout":"default","site-content-style":"default","site-sidebar-style":"default","ast-global-header-display":"","ast-banner-title-visibility":"","ast-main-header-display":"","ast-hfb-above-header-display":"","ast-hfb-below-header-display":"","ast-hfb-mobile-header-display":"","site-post-title":"","ast-breadcrumbs-content":"","ast-featured-img":"","footer-sml-layout":"","ast-disable-related-posts":"","theme-transparent-header-meta":"","adv-header-id-meta":"","stick-header-meta":"","header-above-stick-meta":"","header-main-stick-meta":"","header-below-stick-meta":"","astra-migrate-meta-layouts":"default","ast-page-background-enabled":"default","ast-page-background-meta":{"desktop":{"background-color":"var(--ast-global-color-4)","background-image":"","background-repeat":"repeat","background-position":"center center","background-size":"auto","background-attachment":"scroll","background-type":"","background-media":"","overlay-type":"","overlay-color":"","overlay-opacity":"","overlay-gradient":""},"tablet":{"background-color":"","background-image":"","background-repeat":"repeat","background-position":"center center","background-size":"auto","background-attachment":"scroll","background-type":"","background-media":"","overlay-type":"","overlay-color":"","overlay-opacity":"","overlay-gradient":""},"mobile":{"background-color":"","background-image":"","background-repeat":"repeat","background-position":"center center","background-size":"auto","background-attachment":"scroll","background-type":"","background-media":"","overlay-type":"","overlay-color":"","overlay-opacity":"","overlay-gradient":""}},"ast-content-background-meta":{"desktop":{"background-color":"var(--ast-global-color-5)","background-image":"","background-repeat":"repeat","background-position":"center center","background-size":"auto","background-attachment":"scroll","background-type":"","background-media":"","overlay-type":"","overlay-color":"","overlay-opacity":"","overlay-gradient":""},"tablet":{"background-color":"var(--ast-global-color-5)","background-image":"","background-repeat":"repeat","background-position":"center center","background-size":"auto","background-attachment":"scroll","background-type":"","background-media":"","overlay-type":"","overlay-color":"","overlay-opacity":"","overlay-gradient":""},"mobile":{"background-color":"var(--ast-global-color-5)","background-image":"","background-repeat":"repeat","background-position":"center center","background-size":"auto","background-attachment":"scroll","background-type":"","background-media":"","overlay-type":"","overlay-color":"","overlay-opacity":"","overlay-gradient":""}},"_themeisle_gutenberg_block_has_review":false,"footnotes":""},"categories":[14,9],"tags":[],"class_list":["post-5693","post","type-post","status-publish","format-standard","hentry","category-projeto-desporto-escolar","category-pp"],"_links":{"self":[{"href":"https:\/\/escoladigital.madeira.gov.pt\/ebsscruz\/wp-json\/wp\/v2\/posts\/5693","targetHints":{"allow":["GET"]}}],"collection":[{"href":"https:\/\/escoladigital.madeira.gov.pt\/ebsscruz\/wp-json\/wp\/v2\/posts"}],"about":[{"href":"https:\/\/escoladigital.madeira.gov.pt\/ebsscruz\/wp-json\/wp\/v2\/types\/post"}],"author":[{"embeddable":true,"href":"https:\/\/escoladigital.madeira.gov.pt\/ebsscruz\/wp-json\/wp\/v2\/users\/37"}],"replies":[{"embeddable":true,"href":"https:\/\/escoladigital.madeira.gov.pt\/ebsscruz\/wp-json\/wp\/v2\/comments?post=5693"}],"version-history":[{"count":1,"href":"https:\/\/escoladigital.madeira.gov.pt\/ebsscruz\/wp-json\/wp\/v2\/posts\/5693\/revisions"}],"predecessor-version":[{"id":5705,"href":"https:\/\/escoladigital.madeira.gov.pt\/ebsscruz\/wp-json\/wp\/v2\/posts\/5693\/revisions\/5705"}],"wp:attachment":[{"href":"https:\/\/escoladigital.madeira.gov.pt\/ebsscruz\/wp-json\/wp\/v2\/media?parent=5693"}],"wp:term":[{"taxonomy":"category","embeddable":true,"href":"https:\/\/escoladigital.madeira.gov.pt\/ebsscruz\/wp-json\/wp\/v2\/categories?post=5693"},{"taxonomy":"post_tag","embeddable":true,"href":"https:\/\/escoladigital.madeira.gov.pt\/ebsscruz\/wp-json\/wp\/v2\/tags?post=5693"}],"curies":[{"name":"wp","href":"https:\/\/api.w.org\/{rel}","templated":true}]}}