{"id":5730,"date":"2026-03-16T08:18:35","date_gmt":"2026-03-16T08:18:35","guid":{"rendered":"https:\/\/escoladigital.madeira.gov.pt\/ebsscruz\/?p=5730"},"modified":"2026-03-17T08:19:05","modified_gmt":"2026-03-17T08:19:05","slug":"exposicao-recursos-naturais-da-madeira","status":"publish","type":"post","link":"https:\/\/escoladigital.madeira.gov.pt\/ebsscruz\/2026\/03\/16\/exposicao-recursos-naturais-da-madeira\/","title":{"rendered":"Exposi\u00e7\u00e3o \u2013 Recursos Naturais da Madeira"},"content":{"rendered":"\n<p>Os alunos do 3.\u00ba ciclo e do ensino secund\u00e1rio realizaram uma exposi\u00e7\u00e3o dedicada aos recursos naturais da Madeira, apresentando trabalhos criativos que destacam a riqueza natural da nossa regi\u00e3o.<\/p>\n\n\n\n<p>Nos trabalhos expostos foi poss\u00edvel explorar diferentes tipos de recursos naturais, como:<\/p>\n\n\n\n<p><img decoding=\"async\" height=\"16\" width=\"16\" alt=\"\ud83c\udf31\" src=\"https:\/\/static.xx.fbcdn.net\/images\/emoji.php\/v9\/t69\/1\/16\/1f331.png\"> Recursos biol\u00f3gicos<\/p>\n\n\n\n<p><img decoding=\"async\" height=\"16\" width=\"16\" alt=\"\ud83c\udf0a\" src=\"https:\/\/static.xx.fbcdn.net\/images\/emoji.php\/v9\/tbc\/1\/16\/1f30a.png\"> Recursos h\u00eddricos<\/p>\n\n\n\n<p><img decoding=\"async\" height=\"16\" width=\"16\" alt=\"\ud83c\udf0d\" src=\"https:\/\/static.xx.fbcdn.net\/images\/emoji.php\/v9\/t3f\/1\/16\/1f30d.png\"> Recursos geol\u00f3gicos<\/p>\n\n\n\n<p><img loading=\"lazy\" decoding=\"async\" height=\"16\" width=\"16\" alt=\"\ud83c\udf2c\ufe0f\" src=\"https:\/\/static.xx.fbcdn.net\/images\/emoji.php\/v9\/tfc\/1\/16\/1f32c.png\"> Recursos clim\u00e1ticos<\/p>\n\n\n\n<p><img loading=\"lazy\" decoding=\"async\" height=\"16\" width=\"16\" alt=\"\ud83c\udf3e\" src=\"https:\/\/static.xx.fbcdn.net\/images\/emoji.php\/v9\/t9d\/1\/16\/1f33e.png\"> Recursos pedol\u00f3gicos (solo)<\/p>\n\n\n\n<p><img loading=\"lazy\" decoding=\"async\" height=\"16\" width=\"16\" alt=\"\ud83e\udd8e\" src=\"https:\/\/static.xx.fbcdn.net\/images\/emoji.php\/v9\/t3e\/1\/16\/1f98e.png\"> Fauna ind\u00edgena da Madeira<\/p>\n\n\n\n<p>Atrav\u00e9s de maquetes, cartazes informativos e representa\u00e7\u00f5es tridimensionais, os alunos mostraram como estes recursos s\u00e3o fundamentais para a vida, para a economia e para o equil\u00edbrio ambiental da ilha da Madeira.<\/p>\n\n\n\n<p>Esta atividade permitiu desenvolver compet\u00eancias de pesquisa, criatividade, trabalho em equipa e consci\u00eancia ambiental, promovendo tamb\u00e9m a valoriza\u00e7\u00e3o e a preserva\u00e7\u00e3o do nosso patrim\u00f3nio natural.<\/p>\n\n\n\n<p><img loading=\"lazy\" decoding=\"async\" height=\"16\" width=\"16\" alt=\"\ud83d\udc4f\" src=\"https:\/\/static.xx.fbcdn.net\/images\/emoji.php\/v9\/tfe\/1\/16\/1f44f.png\"> Parab\u00e9ns a todos os alunos e professores envolvidos pelo excelente trabalho apresentado!<\/p>\n\n\n\n<p><a href=\"https:\/\/www.facebook.com\/hashtag\/ebssc?__eep__=6&amp;__cft__[0]=AZYXWXduJs3YBa5mOFUvvh0EP2X-4pToZ_dQuXm0vQ32v-J8f33ZYpAmb4To5pmFyJDE8jzFyhXz9Wh7Wb00O4sgPZjF7wq8iP5CUKD_hi8NzgGVYVEL82PM9WVmg4wt1AVbchg9kPOA-DMaV3OyO9cu5pxV4EgMsaS6YyrXxjN5x5Dq05zqWjjSuNFrJRlUQhw&amp;__tn__=*NK-R\">#EBSSC<\/a><a href=\"https:\/\/www.facebook.com\/hashtag\/recursosnaturais?__eep__=6&amp;__cft__[0]=AZYXWXduJs3YBa5mOFUvvh0EP2X-4pToZ_dQuXm0vQ32v-J8f33ZYpAmb4To5pmFyJDE8jzFyhXz9Wh7Wb00O4sgPZjF7wq8iP5CUKD_hi8NzgGVYVEL82PM9WVmg4wt1AVbchg9kPOA-DMaV3OyO9cu5pxV4EgMsaS6YyrXxjN5x5Dq05zqWjjSuNFrJRlUQhw&amp;__tn__=*NK-R\">#RecursosNaturais<\/a><a href=\"https:\/\/www.facebook.com\/hashtag\/madeira?__eep__=6&amp;__cft__[0]=AZYXWXduJs3YBa5mOFUvvh0EP2X-4pToZ_dQuXm0vQ32v-J8f33ZYpAmb4To5pmFyJDE8jzFyhXz9Wh7Wb00O4sgPZjF7wq8iP5CUKD_hi8NzgGVYVEL82PM9WVmg4wt1AVbchg9kPOA-DMaV3OyO9cu5pxV4EgMsaS6YyrXxjN5x5Dq05zqWjjSuNFrJRlUQhw&amp;__tn__=*NK-R\">#Madeira<\/a><a href=\"https:\/\/www.facebook.com\/hashtag\/educa%C3%A7%C3%A3oambiental?__eep__=6&amp;__cft__[0]=AZYXWXduJs3YBa5mOFUvvh0EP2X-4pToZ_dQuXm0vQ32v-J8f33ZYpAmb4To5pmFyJDE8jzFyhXz9Wh7Wb00O4sgPZjF7wq8iP5CUKD_hi8NzgGVYVEL82PM9WVmg4wt1AVbchg9kPOA-DMaV3OyO9cu5pxV4EgMsaS6YyrXxjN5x5Dq05zqWjjSuNFrJRlUQhw&amp;__tn__=*NK-R\">#Educa\u00e7\u00e3oAmbiental<\/a><a href=\"https:\/\/www.facebook.com\/hashtag\/aprendizado?__eep__=6&amp;__cft__[0]=AZYXWXduJs3YBa5mOFUvvh0EP2X-4pToZ_dQuXm0vQ32v-J8f33ZYpAmb4To5pmFyJDE8jzFyhXz9Wh7Wb00O4sgPZjF7wq8iP5CUKD_hi8NzgGVYVEL82PM9WVmg4wt1AVbchg9kPOA-DMaV3OyO9cu5pxV4EgMsaS6YyrXxjN5x5Dq05zqWjjSuNFrJRlUQhw&amp;__tn__=*NK-R\">#Aprendizado<\/a><a href=\"https:\/\/www.facebook.com\/hashtag\/criatividade?__eep__=6&amp;__cft__[0]=AZYXWXduJs3YBa5mOFUvvh0EP2X-4pToZ_dQuXm0vQ32v-J8f33ZYpAmb4To5pmFyJDE8jzFyhXz9Wh7Wb00O4sgPZjF7wq8iP5CUKD_hi8NzgGVYVEL82PM9WVmg4wt1AVbchg9kPOA-DMaV3OyO9cu5pxV4EgMsaS6YyrXxjN5x5Dq05zqWjjSuNFrJRlUQhw&amp;__tn__=*NK-R\">#Criatividade<\/a><\/p>\n\n\n\n<figure class=\"wp-block-image aligncenter size-full\"><img loading=\"lazy\" decoding=\"async\" width=\"670\" height=\"552\" src=\"https:\/\/escoladigital.madeira.gov.pt\/ebsscruz\/wp-content\/uploads\/sites\/6\/2026\/03\/image-5.png\" alt=\"\" class=\"wp-image-5731\" srcset=\"https:\/\/escoladigital.madeira.gov.pt\/ebsscruz\/wp-content\/uploads\/sites\/6\/2026\/03\/image-5.png 670w, https:\/\/escoladigital.madeira.gov.pt\/ebsscruz\/wp-content\/uploads\/sites\/6\/2026\/03\/image-5-300x247.png 300w\" sizes=\"(max-width: 670px) 100vw, 670px\" \/><\/figure>\n","protected":false},"excerpt":{"rendered":"<p>Os alunos do 3.\u00ba ciclo e do ensino secund\u00e1rio realizaram uma exposi\u00e7\u00e3o dedicada aos recursos naturais da Madeira, apresentando trabalhos [&hellip;]<\/p>\n","protected":false},"author":37,"featured_media":0,"comment_status":"closed","ping_status":"closed","sticky":false,"template":"","format":"standard","meta":{"site-sidebar-layout":"default","site-content-layout":"","ast-site-content-layout":"default","site-content-style":"default","site-sidebar-style":"default","ast-global-header-display":"","ast-banner-title-visibility":"","ast-main-header-display":"","ast-hfb-above-header-display":"","ast-hfb-below-header-display":"","ast-hfb-mobile-header-display":"","site-post-title":"","ast-breadcrumbs-content":"","ast-featured-img":"","footer-sml-layout":"","ast-disable-related-posts":"","theme-transparent-header-meta":"","adv-header-id-meta":"","stick-header-meta":"","header-above-stick-meta":"","header-main-stick-meta":"","header-below-stick-meta":"","astra-migrate-meta-layouts":"default","ast-page-background-enabled":"default","ast-page-background-meta":{"desktop":{"background-color":"var(--ast-global-color-4)","background-image":"","background-repeat":"repeat","background-position":"center center","background-size":"auto","background-attachment":"scroll","background-type":"","background-media":"","overlay-type":"","overlay-color":"","overlay-opacity":"","overlay-gradient":""},"tablet":{"background-color":"","background-image":"","background-repeat":"repeat","background-position":"center center","background-size":"auto","background-attachment":"scroll","background-type":"","background-media":"","overlay-type":"","overlay-color":"","overlay-opacity":"","overlay-gradient":""},"mobile":{"background-color":"","background-image":"","background-repeat":"repeat","background-position":"center center","background-size":"auto","background-attachment":"scroll","background-type":"","background-media":"","overlay-type":"","overlay-color":"","overlay-opacity":"","overlay-gradient":""}},"ast-content-background-meta":{"desktop":{"background-color":"var(--ast-global-color-5)","background-image":"","background-repeat":"repeat","background-position":"center center","background-size":"auto","background-attachment":"scroll","background-type":"","background-media":"","overlay-type":"","overlay-color":"","overlay-opacity":"","overlay-gradient":""},"tablet":{"background-color":"var(--ast-global-color-5)","background-image":"","background-repeat":"repeat","background-position":"center center","background-size":"auto","background-attachment":"scroll","background-type":"","background-media":"","overlay-type":"","overlay-color":"","overlay-opacity":"","overlay-gradient":""},"mobile":{"background-color":"var(--ast-global-color-5)","background-image":"","background-repeat":"repeat","background-position":"center center","background-size":"auto","background-attachment":"scroll","background-type":"","background-media":"","overlay-type":"","overlay-color":"","overlay-opacity":"","overlay-gradient":""}},"_themeisle_gutenberg_block_has_review":false,"footnotes":""},"categories":[9],"tags":[],"class_list":["post-5730","post","type-post","status-publish","format-standard","hentry","category-pp"],"_links":{"self":[{"href":"https:\/\/escoladigital.madeira.gov.pt\/ebsscruz\/wp-json\/wp\/v2\/posts\/5730","targetHints":{"allow":["GET"]}}],"collection":[{"href":"https:\/\/escoladigital.madeira.gov.pt\/ebsscruz\/wp-json\/wp\/v2\/posts"}],"about":[{"href":"https:\/\/escoladigital.madeira.gov.pt\/ebsscruz\/wp-json\/wp\/v2\/types\/post"}],"author":[{"embeddable":true,"href":"https:\/\/escoladigital.madeira.gov.pt\/ebsscruz\/wp-json\/wp\/v2\/users\/37"}],"replies":[{"embeddable":true,"href":"https:\/\/escoladigital.madeira.gov.pt\/ebsscruz\/wp-json\/wp\/v2\/comments?post=5730"}],"version-history":[{"count":1,"href":"https:\/\/escoladigital.madeira.gov.pt\/ebsscruz\/wp-json\/wp\/v2\/posts\/5730\/revisions"}],"predecessor-version":[{"id":5732,"href":"https:\/\/escoladigital.madeira.gov.pt\/ebsscruz\/wp-json\/wp\/v2\/posts\/5730\/revisions\/5732"}],"wp:attachment":[{"href":"https:\/\/escoladigital.madeira.gov.pt\/ebsscruz\/wp-json\/wp\/v2\/media?parent=5730"}],"wp:term":[{"taxonomy":"category","embeddable":true,"href":"https:\/\/escoladigital.madeira.gov.pt\/ebsscruz\/wp-json\/wp\/v2\/categories?post=5730"},{"taxonomy":"post_tag","embeddable":true,"href":"https:\/\/escoladigital.madeira.gov.pt\/ebsscruz\/wp-json\/wp\/v2\/tags?post=5730"}],"curies":[{"name":"wp","href":"https:\/\/api.w.org\/{rel}","templated":true}]}}