{"id":5824,"date":"2026-03-25T14:35:34","date_gmt":"2026-03-25T14:35:34","guid":{"rendered":"https:\/\/escoladigital.madeira.gov.pt\/ebsscruz\/?p=5824"},"modified":"2026-03-25T14:35:34","modified_gmt":"2026-03-25T14:35:34","slug":"video-seguranet-criado-pelos-nossos-alunos","status":"publish","type":"post","link":"https:\/\/escoladigital.madeira.gov.pt\/ebsscruz\/2026\/03\/25\/video-seguranet-criado-pelos-nossos-alunos\/","title":{"rendered":"V\u00eddeo SeguraNet \u2013 Criado pelos nossos alunos!"},"content":{"rendered":"\n<p>No \u00e2mbito do IX Encontro Regional SeguraNet, partilhamos o v\u00eddeo apresentado durante o evento \u2014 um trabalho totalmente realizado pelos alunos da equipa de L\u00edderes Digitais. <img decoding=\"async\" height=\"16\" width=\"16\" alt=\"\ud83d\udc4f\" src=\"https:\/\/static.xx.fbcdn.net\/images\/emoji.php\/v9\/tfe\/1\/16\/1f44f.png\"><img decoding=\"async\" height=\"16\" width=\"16\" alt=\"\ud83d\udcbb\" src=\"https:\/\/static.xx.fbcdn.net\/images\/emoji.php\/v9\/t8c\/1\/16\/1f4bb.png\"><\/p>\n\n\n\n<p>Este v\u00eddeo reflete n\u00e3o s\u00f3 a criatividade e o empenho dos nossos alunos, mas tamb\u00e9m a sua consci\u00eancia sobre os desafios da Internet Segura na era da Intelig\u00eancia Artificial.<\/p>\n\n\n\n<p><img decoding=\"async\" height=\"16\" width=\"16\" alt=\"\ud83c\udf10\" src=\"https:\/\/static.xx.fbcdn.net\/images\/emoji.php\/v9\/taa\/1\/16\/1f310.png\"> Uma produ\u00e7\u00e3o com mensagem, impacto e responsabilidade digital \u2014 exatamente aquilo que queremos promover na nossa escola!<\/p>\n\n\n\n<p><img decoding=\"async\" height=\"16\" width=\"16\" alt=\"\ud83d\udc4f\" src=\"https:\/\/static.xx.fbcdn.net\/images\/emoji.php\/v9\/tfe\/1\/16\/1f44f.png\"> Parab\u00e9ns a toda a equipa de L\u00edderes Digitais pelo excelente trabalho, dedica\u00e7\u00e3o e esp\u00edrito de colabora\u00e7\u00e3o. S\u00e3o um verdadeiro exemplo!<\/p>\n\n\n\n<p><img loading=\"lazy\" decoding=\"async\" height=\"16\" width=\"16\" alt=\"\ud83d\udcfa\" src=\"https:\/\/static.xx.fbcdn.net\/images\/emoji.php\/v9\/t87\/1\/16\/1f4fa.png\"> Assiste ao v\u00eddeo aqui:<\/p>\n\n\n\n<figure class=\"wp-block-embed is-type-video is-provider-youtube wp-block-embed-youtube wp-embed-aspect-16-9 wp-has-aspect-ratio\"><div class=\"wp-block-embed__wrapper\">\n<iframe title=\"O mundo da Intelig\u00eancia Artificial\" width=\"500\" height=\"281\" src=\"https:\/\/www.youtube.com\/embed\/g4aE4XtLle8?feature=oembed\" frameborder=\"0\" allow=\"accelerometer; autoplay; clipboard-write; encrypted-media; gyroscope; picture-in-picture; web-share\" referrerpolicy=\"strict-origin-when-cross-origin\" allowfullscreen><\/iframe>\n<\/div><\/figure>\n\n\n\n<p><a href=\"https:\/\/www.facebook.com\/hashtag\/seguranet?__eep__=6&amp;__cft__[0]=AZYQwAKBQFyZrgUWWezW9PzfEjB-2WqhcBjM8boGciff40vepNEzQtwLpuEe1cphf8d5M3VptOhXTzGV6l7dsu3Z5gjWyOPIYtLB0TVgp1g7FBowEQZG1ooOp5S4s8RQJ5fDEHpFCJbdfDaZcAvY4adZ1aNnCYBYHc3czCDAQWvHjmkPrOh-sU6DJwD_pTOMOMI&amp;__tn__=*NK-R\">#SeguraNet<\/a><a href=\"https:\/\/www.facebook.com\/hashtag\/l%C3%ADderesdigitais?__eep__=6&amp;__cft__[0]=AZYQwAKBQFyZrgUWWezW9PzfEjB-2WqhcBjM8boGciff40vepNEzQtwLpuEe1cphf8d5M3VptOhXTzGV6l7dsu3Z5gjWyOPIYtLB0TVgp1g7FBowEQZG1ooOp5S4s8RQJ5fDEHpFCJbdfDaZcAvY4adZ1aNnCYBYHc3czCDAQWvHjmkPrOh-sU6DJwD_pTOMOMI&amp;__tn__=*NK-R\">#L\u00edderesDigitais<\/a><a href=\"https:\/\/www.facebook.com\/hashtag\/educa%C3%A7%C3%A3odigital?__eep__=6&amp;__cft__[0]=AZYQwAKBQFyZrgUWWezW9PzfEjB-2WqhcBjM8boGciff40vepNEzQtwLpuEe1cphf8d5M3VptOhXTzGV6l7dsu3Z5gjWyOPIYtLB0TVgp1g7FBowEQZG1ooOp5S4s8RQJ5fDEHpFCJbdfDaZcAvY4adZ1aNnCYBYHc3czCDAQWvHjmkPrOh-sU6DJwD_pTOMOMI&amp;__tn__=*NK-R\">#Educa\u00e7\u00e3oDigital<\/a><a href=\"https:\/\/www.facebook.com\/hashtag\/cidadaniadigital?__eep__=6&amp;__cft__[0]=AZYQwAKBQFyZrgUWWezW9PzfEjB-2WqhcBjM8boGciff40vepNEzQtwLpuEe1cphf8d5M3VptOhXTzGV6l7dsu3Z5gjWyOPIYtLB0TVgp1g7FBowEQZG1ooOp5S4s8RQJ5fDEHpFCJbdfDaZcAvY4adZ1aNnCYBYHc3czCDAQWvHjmkPrOh-sU6DJwD_pTOMOMI&amp;__tn__=*NK-R\">#CidadaniaDigital<\/a><a href=\"https:\/\/www.facebook.com\/hashtag\/escola?__eep__=6&amp;__cft__[0]=AZYQwAKBQFyZrgUWWezW9PzfEjB-2WqhcBjM8boGciff40vepNEzQtwLpuEe1cphf8d5M3VptOhXTzGV6l7dsu3Z5gjWyOPIYtLB0TVgp1g7FBowEQZG1ooOp5S4s8RQJ5fDEHpFCJbdfDaZcAvY4adZ1aNnCYBYHc3czCDAQWvHjmkPrOh-sU6DJwD_pTOMOMI&amp;__tn__=*NK-R\">#Escola<\/a><a href=\"https:\/\/www.facebook.com\/hashtag\/orgulho?__eep__=6&amp;__cft__[0]=AZYQwAKBQFyZrgUWWezW9PzfEjB-2WqhcBjM8boGciff40vepNEzQtwLpuEe1cphf8d5M3VptOhXTzGV6l7dsu3Z5gjWyOPIYtLB0TVgp1g7FBowEQZG1ooOp5S4s8RQJ5fDEHpFCJbdfDaZcAvY4adZ1aNnCYBYHc3czCDAQWvHjmkPrOh-sU6DJwD_pTOMOMI&amp;__tn__=*NK-R\">#Orgulho<\/a><\/p>\n","protected":false},"excerpt":{"rendered":"<p>No \u00e2mbito do IX Encontro Regional SeguraNet, partilhamos o v\u00eddeo apresentado durante o evento \u2014 um trabalho totalmente realizado pelos [&hellip;]<\/p>\n","protected":false},"author":37,"featured_media":0,"comment_status":"closed","ping_status":"closed","sticky":false,"template":"","format":"standard","meta":{"site-sidebar-layout":"default","site-content-layout":"","ast-site-content-layout":"default","site-content-style":"default","site-sidebar-style":"default","ast-global-header-display":"","ast-banner-title-visibility":"","ast-main-header-display":"","ast-hfb-above-header-display":"","ast-hfb-below-header-display":"","ast-hfb-mobile-header-display":"","site-post-title":"","ast-breadcrumbs-content":"","ast-featured-img":"","footer-sml-layout":"","ast-disable-related-posts":"","theme-transparent-header-meta":"","adv-header-id-meta":"","stick-header-meta":"","header-above-stick-meta":"","header-main-stick-meta":"","header-below-stick-meta":"","astra-migrate-meta-layouts":"default","ast-page-background-enabled":"default","ast-page-background-meta":{"desktop":{"background-color":"var(--ast-global-color-4)","background-image":"","background-repeat":"repeat","background-position":"center center","background-size":"auto","background-attachment":"scroll","background-type":"","background-media":"","overlay-type":"","overlay-color":"","overlay-opacity":"","overlay-gradient":""},"tablet":{"background-color":"","background-image":"","background-repeat":"repeat","background-position":"center center","background-size":"auto","background-attachment":"scroll","background-type":"","background-media":"","overlay-type":"","overlay-color":"","overlay-opacity":"","overlay-gradient":""},"mobile":{"background-color":"","background-image":"","background-repeat":"repeat","background-position":"center center","background-size":"auto","background-attachment":"scroll","background-type":"","background-media":"","overlay-type":"","overlay-color":"","overlay-opacity":"","overlay-gradient":""}},"ast-content-background-meta":{"desktop":{"background-color":"var(--ast-global-color-5)","background-image":"","background-repeat":"repeat","background-position":"center center","background-size":"auto","background-attachment":"scroll","background-type":"","background-media":"","overlay-type":"","overlay-color":"","overlay-opacity":"","overlay-gradient":""},"tablet":{"background-color":"var(--ast-global-color-5)","background-image":"","background-repeat":"repeat","background-position":"center center","background-size":"auto","background-attachment":"scroll","background-type":"","background-media":"","overlay-type":"","overlay-color":"","overlay-opacity":"","overlay-gradient":""},"mobile":{"background-color":"var(--ast-global-color-5)","background-image":"","background-repeat":"repeat","background-position":"center center","background-size":"auto","background-attachment":"scroll","background-type":"","background-media":"","overlay-type":"","overlay-color":"","overlay-opacity":"","overlay-gradient":""}},"_themeisle_gutenberg_block_has_review":false,"footnotes":""},"categories":[9],"tags":[],"class_list":["post-5824","post","type-post","status-publish","format-standard","hentry","category-pp"],"_links":{"self":[{"href":"https:\/\/escoladigital.madeira.gov.pt\/ebsscruz\/wp-json\/wp\/v2\/posts\/5824","targetHints":{"allow":["GET"]}}],"collection":[{"href":"https:\/\/escoladigital.madeira.gov.pt\/ebsscruz\/wp-json\/wp\/v2\/posts"}],"about":[{"href":"https:\/\/escoladigital.madeira.gov.pt\/ebsscruz\/wp-json\/wp\/v2\/types\/post"}],"author":[{"embeddable":true,"href":"https:\/\/escoladigital.madeira.gov.pt\/ebsscruz\/wp-json\/wp\/v2\/users\/37"}],"replies":[{"embeddable":true,"href":"https:\/\/escoladigital.madeira.gov.pt\/ebsscruz\/wp-json\/wp\/v2\/comments?post=5824"}],"version-history":[{"count":1,"href":"https:\/\/escoladigital.madeira.gov.pt\/ebsscruz\/wp-json\/wp\/v2\/posts\/5824\/revisions"}],"predecessor-version":[{"id":5825,"href":"https:\/\/escoladigital.madeira.gov.pt\/ebsscruz\/wp-json\/wp\/v2\/posts\/5824\/revisions\/5825"}],"wp:attachment":[{"href":"https:\/\/escoladigital.madeira.gov.pt\/ebsscruz\/wp-json\/wp\/v2\/media?parent=5824"}],"wp:term":[{"taxonomy":"category","embeddable":true,"href":"https:\/\/escoladigital.madeira.gov.pt\/ebsscruz\/wp-json\/wp\/v2\/categories?post=5824"},{"taxonomy":"post_tag","embeddable":true,"href":"https:\/\/escoladigital.madeira.gov.pt\/ebsscruz\/wp-json\/wp\/v2\/tags?post=5824"}],"curies":[{"name":"wp","href":"https:\/\/api.w.org\/{rel}","templated":true}]}}