{"id":5830,"date":"2026-03-25T14:44:19","date_gmt":"2026-03-25T14:44:19","guid":{"rendered":"https:\/\/escoladigital.madeira.gov.pt\/ebsscruz\/?p=5830"},"modified":"2026-03-25T14:44:19","modified_gmt":"2026-03-25T14:44:19","slug":"ix-encontro-regional-seguranet","status":"publish","type":"post","link":"https:\/\/escoladigital.madeira.gov.pt\/ebsscruz\/2026\/03\/25\/ix-encontro-regional-seguranet\/","title":{"rendered":"IX Encontro Regional SeguraNet"},"content":{"rendered":"\n<p><img decoding=\"async\" height=\"16\" width=\"16\" alt=\"\ud83d\udccd\" src=\"https:\/\/static.xx.fbcdn.net\/images\/emoji.php\/v9\/t2d\/1\/16\/1f4cd.png\"> Desafios da Internet Segura na Era da IA<\/p>\n\n\n\n<p>A nossa escola estar\u00e1 em destaque neste evento, com a equipa dos L\u00edderes Digitais como apresentadores do encontro <img decoding=\"async\" height=\"16\" width=\"16\" alt=\"\ud83c\udfa4\" src=\"https:\/\/static.xx.fbcdn.net\/images\/emoji.php\/v9\/t7e\/1\/16\/1f3a4.png\"><img decoding=\"async\" height=\"16\" width=\"16\" alt=\"\ud83d\udc4f\" src=\"https:\/\/static.xx.fbcdn.net\/images\/emoji.php\/v9\/tfe\/1\/16\/1f44f.png\"><\/p>\n\n\n\n<p>Os nossos alunos ir\u00e3o:<\/p>\n\n\n\n<p><img loading=\"lazy\" decoding=\"async\" height=\"16\" width=\"16\" alt=\"\u2728\" src=\"https:\/\/static.xx.fbcdn.net\/images\/emoji.php\/v9\/tf4\/1\/16\/2728.png\"> Conduzir a apresenta\u00e7\u00e3o do evento<\/p>\n\n\n\n<p><img loading=\"lazy\" decoding=\"async\" height=\"16\" width=\"16\" alt=\"\ud83d\udde3\ufe0f\" src=\"https:\/\/static.xx.fbcdn.net\/images\/emoji.php\/v9\/tfb\/1\/16\/1f5e3.png\"> Partilhar o seu testemunho sobre o que \u00e9 ser L\u00edder Digital<\/p>\n\n\n\n<p><img loading=\"lazy\" decoding=\"async\" height=\"16\" width=\"16\" alt=\"\ud83c\udfac\" src=\"https:\/\/static.xx.fbcdn.net\/images\/emoji.php\/v9\/t2d\/1\/16\/1f3ac.png\"> Apresentar um v\u00eddeo sobre Intelig\u00eancia Artificial, refletindo sobre os desafios da era digital<\/p>\n\n\n\n<p>Um momento de grande orgulho, que evidencia o papel ativo dos alunos na promo\u00e7\u00e3o de uma cidadania digital segura, cr\u00edtica e respons\u00e1vel.<\/p>\n\n\n\n<p><img loading=\"lazy\" decoding=\"async\" height=\"16\" width=\"16\" alt=\"\ud83d\udcc5\" src=\"https:\/\/static.xx.fbcdn.net\/images\/emoji.php\/v9\/t7e\/1\/16\/1f4c5.png\"> 25 de mar\u00e7o de 2026<\/p>\n\n\n\n<p><img loading=\"lazy\" decoding=\"async\" height=\"16\" width=\"16\" alt=\"\ud83d\udd59\" src=\"https:\/\/static.xx.fbcdn.net\/images\/emoji.php\/v9\/t31\/1\/16\/1f559.png\"> 10h00<\/p>\n\n\n\n<p><img decoding=\"async\" height=\"16\" width=\"16\" alt=\"\ud83d\udccd\" src=\"https:\/\/static.xx.fbcdn.net\/images\/emoji.php\/v9\/t2d\/1\/16\/1f4cd.png\"> Madeira Tecnopolo \u2013 Sala Ursa Menor<\/p>\n\n\n\n<p><img loading=\"lazy\" decoding=\"async\" height=\"16\" width=\"16\" alt=\"\ud83c\udf10\" src=\"https:\/\/static.xx.fbcdn.net\/images\/emoji.php\/v9\/taa\/1\/16\/1f310.png\"> Dar voz aos alunos \u00e9 preparar o futuro digital.<\/p>\n\n\n\n<p><a href=\"https:\/\/www.facebook.com\/hashtag\/seguranet?__eep__=6&amp;__cft__[0]=AZYa8FW4Pb1vtpZJsleXTxzUdqJpM_SZ3O8et4bPN0g3yNff5cCAawiOV6dcSMuXHS8frxluGLSxWd6opSdpFMQe2VU0gUyRxy9YKk616bAAkX6FSH5gk0wGt9h5rLx3GnBG3fN9R1oY04BkWHOXGBZW4wvRsmjF6fUrauK2UhHmQc55vbvZUjHiUvKyRCbfKck&amp;__tn__=*NK-R\">#SeguraNet<\/a><a href=\"https:\/\/www.facebook.com\/hashtag\/l%C3%ADderesdigitais?__eep__=6&amp;__cft__[0]=AZYa8FW4Pb1vtpZJsleXTxzUdqJpM_SZ3O8et4bPN0g3yNff5cCAawiOV6dcSMuXHS8frxluGLSxWd6opSdpFMQe2VU0gUyRxy9YKk616bAAkX6FSH5gk0wGt9h5rLx3GnBG3fN9R1oY04BkWHOXGBZW4wvRsmjF6fUrauK2UhHmQc55vbvZUjHiUvKyRCbfKck&amp;__tn__=*NK-R\">#L\u00edderesDigitais<\/a><a href=\"https:\/\/www.facebook.com\/hashtag\/cidadaniadigital?__eep__=6&amp;__cft__[0]=AZYa8FW4Pb1vtpZJsleXTxzUdqJpM_SZ3O8et4bPN0g3yNff5cCAawiOV6dcSMuXHS8frxluGLSxWd6opSdpFMQe2VU0gUyRxy9YKk616bAAkX6FSH5gk0wGt9h5rLx3GnBG3fN9R1oY04BkWHOXGBZW4wvRsmjF6fUrauK2UhHmQc55vbvZUjHiUvKyRCbfKck&amp;__tn__=*NK-R\">#CidadaniaDigital<\/a><a href=\"https:\/\/www.facebook.com\/hashtag\/internetsegura?__eep__=6&amp;__cft__[0]=AZYa8FW4Pb1vtpZJsleXTxzUdqJpM_SZ3O8et4bPN0g3yNff5cCAawiOV6dcSMuXHS8frxluGLSxWd6opSdpFMQe2VU0gUyRxy9YKk616bAAkX6FSH5gk0wGt9h5rLx3GnBG3fN9R1oY04BkWHOXGBZW4wvRsmjF6fUrauK2UhHmQc55vbvZUjHiUvKyRCbfKck&amp;__tn__=*NK-R\">#InternetSegura<\/a><a href=\"https:\/\/www.facebook.com\/hashtag\/intelig%C3%AAnciaartificial?__eep__=6&amp;__cft__[0]=AZYa8FW4Pb1vtpZJsleXTxzUdqJpM_SZ3O8et4bPN0g3yNff5cCAawiOV6dcSMuXHS8frxluGLSxWd6opSdpFMQe2VU0gUyRxy9YKk616bAAkX6FSH5gk0wGt9h5rLx3GnBG3fN9R1oY04BkWHOXGBZW4wvRsmjF6fUrauK2UhHmQc55vbvZUjHiUvKyRCbfKck&amp;__tn__=*NK-R\">#Intelig\u00eanciaArtificial<\/a><a href=\"https:\/\/www.facebook.com\/hashtag\/educa%C3%A7%C3%A3odigital?__eep__=6&amp;__cft__[0]=AZYa8FW4Pb1vtpZJsleXTxzUdqJpM_SZ3O8et4bPN0g3yNff5cCAawiOV6dcSMuXHS8frxluGLSxWd6opSdpFMQe2VU0gUyRxy9YKk616bAAkX6FSH5gk0wGt9h5rLx3GnBG3fN9R1oY04BkWHOXGBZW4wvRsmjF6fUrauK2UhHmQc55vbvZUjHiUvKyRCbfKck&amp;__tn__=*NK-R\">#Educa\u00e7\u00e3oDigital<\/a><a href=\"https:\/\/www.facebook.com\/hashtag\/madeira?__eep__=6&amp;__cft__[0]=AZYa8FW4Pb1vtpZJsleXTxzUdqJpM_SZ3O8et4bPN0g3yNff5cCAawiOV6dcSMuXHS8frxluGLSxWd6opSdpFMQe2VU0gUyRxy9YKk616bAAkX6FSH5gk0wGt9h5rLx3GnBG3fN9R1oY04BkWHOXGBZW4wvRsmjF6fUrauK2UhHmQc55vbvZUjHiUvKyRCbfKck&amp;__tn__=*NK-R\">#Madeira<\/a><a href=\"https:\/\/www.facebook.com\/hashtag\/escola?__eep__=6&amp;__cft__[0]=AZYa8FW4Pb1vtpZJsleXTxzUdqJpM_SZ3O8et4bPN0g3yNff5cCAawiOV6dcSMuXHS8frxluGLSxWd6opSdpFMQe2VU0gUyRxy9YKk616bAAkX6FSH5gk0wGt9h5rLx3GnBG3fN9R1oY04BkWHOXGBZW4wvRsmjF6fUrauK2UhHmQc55vbvZUjHiUvKyRCbfKck&amp;__tn__=*NK-R\">#Escola<\/a><\/p>\n\n\n\n<figure class=\"wp-block-gallery has-nested-images columns-default is-cropped wp-block-gallery-1 is-layout-flex wp-block-gallery-is-layout-flex\">\n<figure class=\"wp-block-image size-large\"><img loading=\"lazy\" decoding=\"async\" width=\"736\" height=\"1024\" data-id=\"5832\" src=\"https:\/\/escoladigital.madeira.gov.pt\/ebsscruz\/wp-content\/uploads\/sites\/6\/2026\/03\/654812238_1426228872638008_3562098997872159585_n-1-736x1024.jpg\" alt=\"\" class=\"wp-image-5832\" srcset=\"https:\/\/escoladigital.madeira.gov.pt\/ebsscruz\/wp-content\/uploads\/sites\/6\/2026\/03\/654812238_1426228872638008_3562098997872159585_n-1-736x1024.jpg 736w, https:\/\/escoladigital.madeira.gov.pt\/ebsscruz\/wp-content\/uploads\/sites\/6\/2026\/03\/654812238_1426228872638008_3562098997872159585_n-1-215x300.jpg 215w, https:\/\/escoladigital.madeira.gov.pt\/ebsscruz\/wp-content\/uploads\/sites\/6\/2026\/03\/654812238_1426228872638008_3562098997872159585_n-1-768x1069.jpg 768w, https:\/\/escoladigital.madeira.gov.pt\/ebsscruz\/wp-content\/uploads\/sites\/6\/2026\/03\/654812238_1426228872638008_3562098997872159585_n-1-1103x1536.jpg 1103w, https:\/\/escoladigital.madeira.gov.pt\/ebsscruz\/wp-content\/uploads\/sites\/6\/2026\/03\/654812238_1426228872638008_3562098997872159585_n-1.jpg 1178w\" sizes=\"(max-width: 736px) 100vw, 736px\" \/><figcaption class=\"wp-element-caption\">Screenshot<\/figcaption><\/figure>\n\n\n\n<figure class=\"wp-block-image size-large\"><img loading=\"lazy\" decoding=\"async\" width=\"619\" height=\"1024\" data-id=\"5833\" src=\"https:\/\/escoladigital.madeira.gov.pt\/ebsscruz\/wp-content\/uploads\/sites\/6\/2026\/03\/656544899_1426228875971341_5849965357313541871_n-619x1024.jpg\" alt=\"\" class=\"wp-image-5833\" srcset=\"https:\/\/escoladigital.madeira.gov.pt\/ebsscruz\/wp-content\/uploads\/sites\/6\/2026\/03\/656544899_1426228875971341_5849965357313541871_n-619x1024.jpg 619w, https:\/\/escoladigital.madeira.gov.pt\/ebsscruz\/wp-content\/uploads\/sites\/6\/2026\/03\/656544899_1426228875971341_5849965357313541871_n-181x300.jpg 181w, https:\/\/escoladigital.madeira.gov.pt\/ebsscruz\/wp-content\/uploads\/sites\/6\/2026\/03\/656544899_1426228875971341_5849965357313541871_n-768x1271.jpg 768w, https:\/\/escoladigital.madeira.gov.pt\/ebsscruz\/wp-content\/uploads\/sites\/6\/2026\/03\/656544899_1426228875971341_5849965357313541871_n-928x1536.jpg 928w, https:\/\/escoladigital.madeira.gov.pt\/ebsscruz\/wp-content\/uploads\/sites\/6\/2026\/03\/656544899_1426228875971341_5849965357313541871_n.jpg 1179w\" sizes=\"(max-width: 619px) 100vw, 619px\" \/><figcaption class=\"wp-element-caption\">Screenshot<\/figcaption><\/figure>\n<\/figure>\n","protected":false},"excerpt":{"rendered":"<p>Desafios da Internet Segura na Era da IA A nossa escola estar\u00e1 em destaque neste evento, com a equipa dos [&hellip;]<\/p>\n","protected":false},"author":37,"featured_media":0,"comment_status":"closed","ping_status":"closed","sticky":false,"template":"","format":"standard","meta":{"site-sidebar-layout":"default","site-content-layout":"","ast-site-content-layout":"default","site-content-style":"default","site-sidebar-style":"default","ast-global-header-display":"","ast-banner-title-visibility":"","ast-main-header-display":"","ast-hfb-above-header-display":"","ast-hfb-below-header-display":"","ast-hfb-mobile-header-display":"","site-post-title":"","ast-breadcrumbs-content":"","ast-featured-img":"","footer-sml-layout":"","ast-disable-related-posts":"","theme-transparent-header-meta":"","adv-header-id-meta":"","stick-header-meta":"","header-above-stick-meta":"","header-main-stick-meta":"","header-below-stick-meta":"","astra-migrate-meta-layouts":"default","ast-page-background-enabled":"default","ast-page-background-meta":{"desktop":{"background-color":"var(--ast-global-color-4)","background-image":"","background-repeat":"repeat","background-position":"center center","background-size":"auto","background-attachment":"scroll","background-type":"","background-media":"","overlay-type":"","overlay-color":"","overlay-opacity":"","overlay-gradient":""},"tablet":{"background-color":"","background-image":"","background-repeat":"repeat","background-position":"center center","background-size":"auto","background-attachment":"scroll","background-type":"","background-media":"","overlay-type":"","overlay-color":"","overlay-opacity":"","overlay-gradient":""},"mobile":{"background-color":"","background-image":"","background-repeat":"repeat","background-position":"center center","background-size":"auto","background-attachment":"scroll","background-type":"","background-media":"","overlay-type":"","overlay-color":"","overlay-opacity":"","overlay-gradient":""}},"ast-content-background-meta":{"desktop":{"background-color":"var(--ast-global-color-5)","background-image":"","background-repeat":"repeat","background-position":"center center","background-size":"auto","background-attachment":"scroll","background-type":"","background-media":"","overlay-type":"","overlay-color":"","overlay-opacity":"","overlay-gradient":""},"tablet":{"background-color":"var(--ast-global-color-5)","background-image":"","background-repeat":"repeat","background-position":"center center","background-size":"auto","background-attachment":"scroll","background-type":"","background-media":"","overlay-type":"","overlay-color":"","overlay-opacity":"","overlay-gradient":""},"mobile":{"background-color":"var(--ast-global-color-5)","background-image":"","background-repeat":"repeat","background-position":"center center","background-size":"auto","background-attachment":"scroll","background-type":"","background-media":"","overlay-type":"","overlay-color":"","overlay-opacity":"","overlay-gradient":""}},"_themeisle_gutenberg_block_has_review":false,"footnotes":""},"categories":[9],"tags":[],"class_list":["post-5830","post","type-post","status-publish","format-standard","hentry","category-pp"],"_links":{"self":[{"href":"https:\/\/escoladigital.madeira.gov.pt\/ebsscruz\/wp-json\/wp\/v2\/posts\/5830","targetHints":{"allow":["GET"]}}],"collection":[{"href":"https:\/\/escoladigital.madeira.gov.pt\/ebsscruz\/wp-json\/wp\/v2\/posts"}],"about":[{"href":"https:\/\/escoladigital.madeira.gov.pt\/ebsscruz\/wp-json\/wp\/v2\/types\/post"}],"author":[{"embeddable":true,"href":"https:\/\/escoladigital.madeira.gov.pt\/ebsscruz\/wp-json\/wp\/v2\/users\/37"}],"replies":[{"embeddable":true,"href":"https:\/\/escoladigital.madeira.gov.pt\/ebsscruz\/wp-json\/wp\/v2\/comments?post=5830"}],"version-history":[{"count":1,"href":"https:\/\/escoladigital.madeira.gov.pt\/ebsscruz\/wp-json\/wp\/v2\/posts\/5830\/revisions"}],"predecessor-version":[{"id":5834,"href":"https:\/\/escoladigital.madeira.gov.pt\/ebsscruz\/wp-json\/wp\/v2\/posts\/5830\/revisions\/5834"}],"wp:attachment":[{"href":"https:\/\/escoladigital.madeira.gov.pt\/ebsscruz\/wp-json\/wp\/v2\/media?parent=5830"}],"wp:term":[{"taxonomy":"category","embeddable":true,"href":"https:\/\/escoladigital.madeira.gov.pt\/ebsscruz\/wp-json\/wp\/v2\/categories?post=5830"},{"taxonomy":"post_tag","embeddable":true,"href":"https:\/\/escoladigital.madeira.gov.pt\/ebsscruz\/wp-json\/wp\/v2\/tags?post=5830"}],"curies":[{"name":"wp","href":"https:\/\/api.w.org\/{rel}","templated":true}]}}