{"id":5836,"date":"2026-03-25T14:48:37","date_gmt":"2026-03-25T14:48:37","guid":{"rendered":"https:\/\/escoladigital.madeira.gov.pt\/ebsscruz\/?p=5836"},"modified":"2026-03-25T14:48:37","modified_gmt":"2026-03-25T14:48:37","slug":"palestra-a-importancia-da-floresta-laurissilva-da-madeira","status":"publish","type":"post","link":"https:\/\/escoladigital.madeira.gov.pt\/ebsscruz\/2026\/03\/25\/palestra-a-importancia-da-floresta-laurissilva-da-madeira\/","title":{"rendered":"Palestra \u201cA import\u00e2ncia da floresta Laurissilva da Madeira\u201d"},"content":{"rendered":"\n<p>No \u00e2mbito das celebra\u00e7\u00f5es do Dia Internacional das Florestas, realizou-se, no dia 20 de mar\u00e7o, na Sala de Sess\u00f5es, a palestra \u201cA import\u00e2ncia da floresta Laurissilva da Madeira\u201d, proferida por Paulo Oliveira.<\/p>\n\n\n\n<p>A atividade contou com a participa\u00e7\u00e3o dos alunos do 8.\u00ba ano e da turma A do 7.\u00ba ano, que tiveram a oportunidade de conhecer melhor a import\u00e2ncia ecol\u00f3gica, hist\u00f3rica e patrimonial da floresta Laurissilva, um dos maiores tesouros naturais da Regi\u00e3o Aut\u00f3noma da Madeira.<\/p>\n\n\n\n<p>Esta iniciativa, organizada pelo grupo de Biologia e Geologia, refor\u00e7ou junto da comunidade escolar a import\u00e2ncia da prote\u00e7\u00e3o das florestas, da preserva\u00e7\u00e3o da natureza e da ado\u00e7\u00e3o de pr\u00e1ticas mais sustent\u00e1veis.<\/p>\n\n\n\n<p><img decoding=\"async\" height=\"16\" width=\"16\" alt=\"\ud83c\udf31\" src=\"https:\/\/static.xx.fbcdn.net\/images\/emoji.php\/v9\/t69\/1\/16\/1f331.png\"> Cuidar das florestas \u00e9 proteger o nosso futuro.<\/p>\n\n\n\n<p><a href=\"https:\/\/www.facebook.com\/hashtag\/diainternacionaldasflorestas?__eep__=6&amp;__cft__[0]=AZZ9h0eCaVXnL_BHN_IQEilYLL8ln6Omn-tqoXr2GYO8NgjXIQ_dv60GPlmPUeygCGoYQ9dpUPxbrvPOXx-WFDOiSTmWljZxh8z9V9N6ycxFQoKXEP3GlXQsHgKVXMDKoH9SSk1fo3K4khR7ZqUE3sSUclt3WO55iu4ecrY3x3rSpz2ai5RKVbalBjjeVHJHWKs&amp;__tn__=*NK-R\">#DiaInternacionalDasFlorestas<\/a><a href=\"https:\/\/www.facebook.com\/hashtag\/laurissilva?__eep__=6&amp;__cft__[0]=AZZ9h0eCaVXnL_BHN_IQEilYLL8ln6Omn-tqoXr2GYO8NgjXIQ_dv60GPlmPUeygCGoYQ9dpUPxbrvPOXx-WFDOiSTmWljZxh8z9V9N6ycxFQoKXEP3GlXQsHgKVXMDKoH9SSk1fo3K4khR7ZqUE3sSUclt3WO55iu4ecrY3x3rSpz2ai5RKVbalBjjeVHJHWKs&amp;__tn__=*NK-R\">#Laurissilva<\/a><a href=\"https:\/\/www.facebook.com\/hashtag\/madeira?__eep__=6&amp;__cft__[0]=AZZ9h0eCaVXnL_BHN_IQEilYLL8ln6Omn-tqoXr2GYO8NgjXIQ_dv60GPlmPUeygCGoYQ9dpUPxbrvPOXx-WFDOiSTmWljZxh8z9V9N6ycxFQoKXEP3GlXQsHgKVXMDKoH9SSk1fo3K4khR7ZqUE3sSUclt3WO55iu4ecrY3x3rSpz2ai5RKVbalBjjeVHJHWKs&amp;__tn__=*NK-R\">#Madeira<\/a><a href=\"https:\/\/www.facebook.com\/hashtag\/educa%C3%A7%C3%A3oambiental?__eep__=6&amp;__cft__[0]=AZZ9h0eCaVXnL_BHN_IQEilYLL8ln6Omn-tqoXr2GYO8NgjXIQ_dv60GPlmPUeygCGoYQ9dpUPxbrvPOXx-WFDOiSTmWljZxh8z9V9N6ycxFQoKXEP3GlXQsHgKVXMDKoH9SSk1fo3K4khR7ZqUE3sSUclt3WO55iu4ecrY3x3rSpz2ai5RKVbalBjjeVHJHWKs&amp;__tn__=*NK-R\">#Educa\u00e7\u00e3oAmbiental<\/a><a href=\"https:\/\/www.facebook.com\/hashtag\/sustentabilidade?__eep__=6&amp;__cft__[0]=AZZ9h0eCaVXnL_BHN_IQEilYLL8ln6Omn-tqoXr2GYO8NgjXIQ_dv60GPlmPUeygCGoYQ9dpUPxbrvPOXx-WFDOiSTmWljZxh8z9V9N6ycxFQoKXEP3GlXQsHgKVXMDKoH9SSk1fo3K4khR7ZqUE3sSUclt3WO55iu4ecrY3x3rSpz2ai5RKVbalBjjeVHJHWKs&amp;__tn__=*NK-R\">#Sustentabilidade<\/a><a href=\"https:\/\/www.facebook.com\/hashtag\/biologiaegeologia?__eep__=6&amp;__cft__[0]=AZZ9h0eCaVXnL_BHN_IQEilYLL8ln6Omn-tqoXr2GYO8NgjXIQ_dv60GPlmPUeygCGoYQ9dpUPxbrvPOXx-WFDOiSTmWljZxh8z9V9N6ycxFQoKXEP3GlXQsHgKVXMDKoH9SSk1fo3K4khR7ZqUE3sSUclt3WO55iu4ecrY3x3rSpz2ai5RKVbalBjjeVHJHWKs&amp;__tn__=*NK-R\">#BiologiaeGeologia<\/a><a href=\"https:\/\/www.facebook.com\/hashtag\/preservaranatureza?__eep__=6&amp;__cft__[0]=AZZ9h0eCaVXnL_BHN_IQEilYLL8ln6Omn-tqoXr2GYO8NgjXIQ_dv60GPlmPUeygCGoYQ9dpUPxbrvPOXx-WFDOiSTmWljZxh8z9V9N6ycxFQoKXEP3GlXQsHgKVXMDKoH9SSk1fo3K4khR7ZqUE3sSUclt3WO55iu4ecrY3x3rSpz2ai5RKVbalBjjeVHJHWKs&amp;__tn__=*NK-R\">#PreservarANatureza<\/a><a href=\"https:\/\/www.facebook.com\/hashtag\/escola?__eep__=6&amp;__cft__[0]=AZZ9h0eCaVXnL_BHN_IQEilYLL8ln6Omn-tqoXr2GYO8NgjXIQ_dv60GPlmPUeygCGoYQ9dpUPxbrvPOXx-WFDOiSTmWljZxh8z9V9N6ycxFQoKXEP3GlXQsHgKVXMDKoH9SSk1fo3K4khR7ZqUE3sSUclt3WO55iu4ecrY3x3rSpz2ai5RKVbalBjjeVHJHWKs&amp;__tn__=*NK-R\">#Escola<\/a><\/p>\n\n\n\n<figure class=\"wp-block-image aligncenter size-full\"><img fetchpriority=\"high\" decoding=\"async\" width=\"661\" height=\"551\" src=\"https:\/\/escoladigital.madeira.gov.pt\/ebsscruz\/wp-content\/uploads\/sites\/6\/2026\/03\/image-10.png\" alt=\"\" class=\"wp-image-5837\" srcset=\"https:\/\/escoladigital.madeira.gov.pt\/ebsscruz\/wp-content\/uploads\/sites\/6\/2026\/03\/image-10.png 661w, https:\/\/escoladigital.madeira.gov.pt\/ebsscruz\/wp-content\/uploads\/sites\/6\/2026\/03\/image-10-300x250.png 300w\" sizes=\"(max-width: 661px) 100vw, 661px\" \/><\/figure>\n\n\n\n<p><\/p>\n","protected":false},"excerpt":{"rendered":"<p>No \u00e2mbito das celebra\u00e7\u00f5es do Dia Internacional das Florestas, realizou-se, no dia 20 de mar\u00e7o, na Sala de Sess\u00f5es, a [&hellip;]<\/p>\n","protected":false},"author":37,"featured_media":0,"comment_status":"closed","ping_status":"closed","sticky":false,"template":"","format":"standard","meta":{"site-sidebar-layout":"default","site-content-layout":"","ast-site-content-layout":"default","site-content-style":"default","site-sidebar-style":"default","ast-global-header-display":"","ast-banner-title-visibility":"","ast-main-header-display":"","ast-hfb-above-header-display":"","ast-hfb-below-header-display":"","ast-hfb-mobile-header-display":"","site-post-title":"","ast-breadcrumbs-content":"","ast-featured-img":"","footer-sml-layout":"","ast-disable-related-posts":"","theme-transparent-header-meta":"","adv-header-id-meta":"","stick-header-meta":"","header-above-stick-meta":"","header-main-stick-meta":"","header-below-stick-meta":"","astra-migrate-meta-layouts":"default","ast-page-background-enabled":"default","ast-page-background-meta":{"desktop":{"background-color":"var(--ast-global-color-4)","background-image":"","background-repeat":"repeat","background-position":"center center","background-size":"auto","background-attachment":"scroll","background-type":"","background-media":"","overlay-type":"","overlay-color":"","overlay-opacity":"","overlay-gradient":""},"tablet":{"background-color":"","background-image":"","background-repeat":"repeat","background-position":"center center","background-size":"auto","background-attachment":"scroll","background-type":"","background-media":"","overlay-type":"","overlay-color":"","overlay-opacity":"","overlay-gradient":""},"mobile":{"background-color":"","background-image":"","background-repeat":"repeat","background-position":"center center","background-size":"auto","background-attachment":"scroll","background-type":"","background-media":"","overlay-type":"","overlay-color":"","overlay-opacity":"","overlay-gradient":""}},"ast-content-background-meta":{"desktop":{"background-color":"var(--ast-global-color-5)","background-image":"","background-repeat":"repeat","background-position":"center center","background-size":"auto","background-attachment":"scroll","background-type":"","background-media":"","overlay-type":"","overlay-color":"","overlay-opacity":"","overlay-gradient":""},"tablet":{"background-color":"var(--ast-global-color-5)","background-image":"","background-repeat":"repeat","background-position":"center center","background-size":"auto","background-attachment":"scroll","background-type":"","background-media":"","overlay-type":"","overlay-color":"","overlay-opacity":"","overlay-gradient":""},"mobile":{"background-color":"var(--ast-global-color-5)","background-image":"","background-repeat":"repeat","background-position":"center center","background-size":"auto","background-attachment":"scroll","background-type":"","background-media":"","overlay-type":"","overlay-color":"","overlay-opacity":"","overlay-gradient":""}},"_themeisle_gutenberg_block_has_review":false,"footnotes":""},"categories":[9],"tags":[],"class_list":["post-5836","post","type-post","status-publish","format-standard","hentry","category-pp"],"_links":{"self":[{"href":"https:\/\/escoladigital.madeira.gov.pt\/ebsscruz\/wp-json\/wp\/v2\/posts\/5836","targetHints":{"allow":["GET"]}}],"collection":[{"href":"https:\/\/escoladigital.madeira.gov.pt\/ebsscruz\/wp-json\/wp\/v2\/posts"}],"about":[{"href":"https:\/\/escoladigital.madeira.gov.pt\/ebsscruz\/wp-json\/wp\/v2\/types\/post"}],"author":[{"embeddable":true,"href":"https:\/\/escoladigital.madeira.gov.pt\/ebsscruz\/wp-json\/wp\/v2\/users\/37"}],"replies":[{"embeddable":true,"href":"https:\/\/escoladigital.madeira.gov.pt\/ebsscruz\/wp-json\/wp\/v2\/comments?post=5836"}],"version-history":[{"count":1,"href":"https:\/\/escoladigital.madeira.gov.pt\/ebsscruz\/wp-json\/wp\/v2\/posts\/5836\/revisions"}],"predecessor-version":[{"id":5838,"href":"https:\/\/escoladigital.madeira.gov.pt\/ebsscruz\/wp-json\/wp\/v2\/posts\/5836\/revisions\/5838"}],"wp:attachment":[{"href":"https:\/\/escoladigital.madeira.gov.pt\/ebsscruz\/wp-json\/wp\/v2\/media?parent=5836"}],"wp:term":[{"taxonomy":"category","embeddable":true,"href":"https:\/\/escoladigital.madeira.gov.pt\/ebsscruz\/wp-json\/wp\/v2\/categories?post=5836"},{"taxonomy":"post_tag","embeddable":true,"href":"https:\/\/escoladigital.madeira.gov.pt\/ebsscruz\/wp-json\/wp\/v2\/tags?post=5836"}],"curies":[{"name":"wp","href":"https:\/\/api.w.org\/{rel}","templated":true}]}}