{"id":5840,"date":"2026-03-26T09:23:42","date_gmt":"2026-03-26T09:23:42","guid":{"rendered":"https:\/\/escoladigital.madeira.gov.pt\/ebsscruz\/?p=5840"},"modified":"2026-03-26T09:25:21","modified_gmt":"2026-03-26T09:25:21","slug":"hoje-celebramos-o-ambiente","status":"publish","type":"post","link":"https:\/\/escoladigital.madeira.gov.pt\/ebsscruz\/2026\/03\/26\/hoje-celebramos-o-ambiente\/","title":{"rendered":"Hoje celebr\u00e1mos o ambiente!"},"content":{"rendered":"\n<p>No \u00e2mbito das comemora\u00e7\u00f5es da IV Semana do Ambiente, realizou-se a cerim\u00f3nia do Hastear das Bandeiras Verdes do Projeto Eco-Escolas, na Escola B\u00e1sica com Pr\u00e9-Escolar e Creche de Santa Cruz.<\/p>\n\n\n\n<p>Foi com muito orgulho, entusiasmo e esp\u00edrito de compromisso ambiental que a Escola B\u00e1sica e Secund\u00e1ria de Santa Cruz marcou presen\u00e7a neste momento t\u00e3o significativo. <img decoding=\"async\" height=\"16\" width=\"16\" alt=\"\ud83c\udf0d\" src=\"https:\/\/static.xx.fbcdn.net\/images\/emoji.php\/v9\/t3f\/1\/16\/1f30d.png\"><img decoding=\"async\" height=\"16\" width=\"16\" alt=\"\u2728\" src=\"https:\/\/static.xx.fbcdn.net\/images\/emoji.php\/v9\/tf4\/1\/16\/2728.png\"><\/p>\n\n\n\n<p>Juntos, continuamos a promover uma escola mais sustent\u00e1vel e um futuro mais verde! <img decoding=\"async\" height=\"16\" width=\"16\" alt=\"\ud83c\udf31\" src=\"https:\/\/static.xx.fbcdn.net\/images\/emoji.php\/v9\/t69\/1\/16\/1f331.png\"><img loading=\"lazy\" decoding=\"async\" height=\"16\" width=\"16\" alt=\"\u267b\ufe0f\" src=\"https:\/\/static.xx.fbcdn.net\/images\/emoji.php\/v9\/tf8\/1\/16\/267b.png\"><\/p>\n\n\n\n<p><a href=\"https:\/\/www.facebook.com\/hashtag\/ecoescolas?__eep__=6&amp;__cft__[0]=AZbUUq1bkULMYl8KHO8l0s2kYQShQqMy0B8i5qPd2ffRgN43vbk6UGa9B--YirTvpSAmpy_9jFS7mkzKWNzFkg5ClLit4kSh8WEet5gQWntCyCPpOmg5PCinMhUuim3-LLf9j_qgQXtMWMsWo6hm_1Hq5iuAj22fm0YRK1b3dYNjbVpDRrZUAHnWA_IfthNoWRk&amp;__tn__=*NK-R\">#EcoEscolas<\/a><a href=\"https:\/\/www.facebook.com\/hashtag\/semanadoambiente?__eep__=6&amp;__cft__[0]=AZbUUq1bkULMYl8KHO8l0s2kYQShQqMy0B8i5qPd2ffRgN43vbk6UGa9B--YirTvpSAmpy_9jFS7mkzKWNzFkg5ClLit4kSh8WEet5gQWntCyCPpOmg5PCinMhUuim3-LLf9j_qgQXtMWMsWo6hm_1Hq5iuAj22fm0YRK1b3dYNjbVpDRrZUAHnWA_IfthNoWRk&amp;__tn__=*NK-R\">#SemanaDoAmbiente<\/a><a href=\"https:\/\/www.facebook.com\/hashtag\/sustentabilidade?__eep__=6&amp;__cft__[0]=AZbUUq1bkULMYl8KHO8l0s2kYQShQqMy0B8i5qPd2ffRgN43vbk6UGa9B--YirTvpSAmpy_9jFS7mkzKWNzFkg5ClLit4kSh8WEet5gQWntCyCPpOmg5PCinMhUuim3-LLf9j_qgQXtMWMsWo6hm_1Hq5iuAj22fm0YRK1b3dYNjbVpDRrZUAHnWA_IfthNoWRk&amp;__tn__=*NK-R\">#Sustentabilidade<\/a><a href=\"https:\/\/www.facebook.com\/hashtag\/ebssc?__eep__=6&amp;__cft__[0]=AZbUUq1bkULMYl8KHO8l0s2kYQShQqMy0B8i5qPd2ffRgN43vbk6UGa9B--YirTvpSAmpy_9jFS7mkzKWNzFkg5ClLit4kSh8WEet5gQWntCyCPpOmg5PCinMhUuim3-LLf9j_qgQXtMWMsWo6hm_1Hq5iuAj22fm0YRK1b3dYNjbVpDRrZUAHnWA_IfthNoWRk&amp;__tn__=*NK-R\">#EBSSC<\/a><a href=\"https:\/\/www.facebook.com\/hashtag\/educa%C3%A7%C3%A3oambiental?__eep__=6&amp;__cft__[0]=AZbUUq1bkULMYl8KHO8l0s2kYQShQqMy0B8i5qPd2ffRgN43vbk6UGa9B--YirTvpSAmpy_9jFS7mkzKWNzFkg5ClLit4kSh8WEet5gQWntCyCPpOmg5PCinMhUuim3-LLf9j_qgQXtMWMsWo6hm_1Hq5iuAj22fm0YRK1b3dYNjbVpDRrZUAHnWA_IfthNoWRk&amp;__tn__=*NK-R\">#Educa\u00e7\u00e3oAmbiental<\/a><\/p>\n\n\n\n<figure class=\"wp-block-image aligncenter size-full\"><img loading=\"lazy\" decoding=\"async\" width=\"668\" height=\"668\" src=\"https:\/\/escoladigital.madeira.gov.pt\/ebsscruz\/wp-content\/uploads\/sites\/6\/2026\/03\/image-11.png\" alt=\"\" class=\"wp-image-5841\" srcset=\"https:\/\/escoladigital.madeira.gov.pt\/ebsscruz\/wp-content\/uploads\/sites\/6\/2026\/03\/image-11.png 668w, https:\/\/escoladigital.madeira.gov.pt\/ebsscruz\/wp-content\/uploads\/sites\/6\/2026\/03\/image-11-300x300.png 300w, https:\/\/escoladigital.madeira.gov.pt\/ebsscruz\/wp-content\/uploads\/sites\/6\/2026\/03\/image-11-150x150.png 150w\" sizes=\"(max-width: 668px) 100vw, 668px\" \/><\/figure>\n\n\n\n<p><\/p>\n","protected":false},"excerpt":{"rendered":"<p>No \u00e2mbito das comemora\u00e7\u00f5es da IV Semana do Ambiente, realizou-se a cerim\u00f3nia do Hastear das Bandeiras Verdes do Projeto Eco-Escolas, [&hellip;]<\/p>\n","protected":false},"author":37,"featured_media":0,"comment_status":"closed","ping_status":"closed","sticky":false,"template":"","format":"standard","meta":{"site-sidebar-layout":"default","site-content-layout":"","ast-site-content-layout":"default","site-content-style":"default","site-sidebar-style":"default","ast-global-header-display":"","ast-banner-title-visibility":"","ast-main-header-display":"","ast-hfb-above-header-display":"","ast-hfb-below-header-display":"","ast-hfb-mobile-header-display":"","site-post-title":"disabled","ast-breadcrumbs-content":"","ast-featured-img":"","footer-sml-layout":"","ast-disable-related-posts":"","theme-transparent-header-meta":"","adv-header-id-meta":"","stick-header-meta":"","header-above-stick-meta":"","header-main-stick-meta":"","header-below-stick-meta":"","astra-migrate-meta-layouts":"default","ast-page-background-enabled":"default","ast-page-background-meta":{"desktop":{"background-color":"var(--ast-global-color-4)","background-image":"","background-repeat":"repeat","background-position":"center center","background-size":"auto","background-attachment":"scroll","background-type":"","background-media":"","overlay-type":"","overlay-color":"","overlay-opacity":"","overlay-gradient":""},"tablet":{"background-color":"","background-image":"","background-repeat":"repeat","background-position":"center center","background-size":"auto","background-attachment":"scroll","background-type":"","background-media":"","overlay-type":"","overlay-color":"","overlay-opacity":"","overlay-gradient":""},"mobile":{"background-color":"","background-image":"","background-repeat":"repeat","background-position":"center center","background-size":"auto","background-attachment":"scroll","background-type":"","background-media":"","overlay-type":"","overlay-color":"","overlay-opacity":"","overlay-gradient":""}},"ast-content-background-meta":{"desktop":{"background-color":"var(--ast-global-color-5)","background-image":"","background-repeat":"repeat","background-position":"center center","background-size":"auto","background-attachment":"scroll","background-type":"","background-media":"","overlay-type":"","overlay-color":"","overlay-opacity":"","overlay-gradient":""},"tablet":{"background-color":"var(--ast-global-color-5)","background-image":"","background-repeat":"repeat","background-position":"center center","background-size":"auto","background-attachment":"scroll","background-type":"","background-media":"","overlay-type":"","overlay-color":"","overlay-opacity":"","overlay-gradient":""},"mobile":{"background-color":"var(--ast-global-color-5)","background-image":"","background-repeat":"repeat","background-position":"center center","background-size":"auto","background-attachment":"scroll","background-type":"","background-media":"","overlay-type":"","overlay-color":"","overlay-opacity":"","overlay-gradient":""}},"_themeisle_gutenberg_block_has_review":false,"footnotes":""},"categories":[9],"tags":[],"class_list":["post-5840","post","type-post","status-publish","format-standard","hentry","category-pp"],"_links":{"self":[{"href":"https:\/\/escoladigital.madeira.gov.pt\/ebsscruz\/wp-json\/wp\/v2\/posts\/5840","targetHints":{"allow":["GET"]}}],"collection":[{"href":"https:\/\/escoladigital.madeira.gov.pt\/ebsscruz\/wp-json\/wp\/v2\/posts"}],"about":[{"href":"https:\/\/escoladigital.madeira.gov.pt\/ebsscruz\/wp-json\/wp\/v2\/types\/post"}],"author":[{"embeddable":true,"href":"https:\/\/escoladigital.madeira.gov.pt\/ebsscruz\/wp-json\/wp\/v2\/users\/37"}],"replies":[{"embeddable":true,"href":"https:\/\/escoladigital.madeira.gov.pt\/ebsscruz\/wp-json\/wp\/v2\/comments?post=5840"}],"version-history":[{"count":3,"href":"https:\/\/escoladigital.madeira.gov.pt\/ebsscruz\/wp-json\/wp\/v2\/posts\/5840\/revisions"}],"predecessor-version":[{"id":5844,"href":"https:\/\/escoladigital.madeira.gov.pt\/ebsscruz\/wp-json\/wp\/v2\/posts\/5840\/revisions\/5844"}],"wp:attachment":[{"href":"https:\/\/escoladigital.madeira.gov.pt\/ebsscruz\/wp-json\/wp\/v2\/media?parent=5840"}],"wp:term":[{"taxonomy":"category","embeddable":true,"href":"https:\/\/escoladigital.madeira.gov.pt\/ebsscruz\/wp-json\/wp\/v2\/categories?post=5840"},{"taxonomy":"post_tag","embeddable":true,"href":"https:\/\/escoladigital.madeira.gov.pt\/ebsscruz\/wp-json\/wp\/v2\/tags?post=5840"}],"curies":[{"name":"wp","href":"https:\/\/api.w.org\/{rel}","templated":true}]}}