{"id":5846,"date":"2026-03-25T17:38:20","date_gmt":"2026-03-25T17:38:20","guid":{"rendered":"https:\/\/escoladigital.madeira.gov.pt\/ebsscruz\/?p=5846"},"modified":"2026-03-26T17:38:52","modified_gmt":"2026-03-26T17:38:52","slug":"alunos-de-santa-cruz-exploram-o-mundo-da-eletronica","status":"publish","type":"post","link":"https:\/\/escoladigital.madeira.gov.pt\/ebsscruz\/2026\/03\/25\/alunos-de-santa-cruz-exploram-o-mundo-da-eletronica\/","title":{"rendered":"Alunos de Santa Cruz exploram o mundo da Eletr\u00f3nica!"},"content":{"rendered":"\n<p>Os nossos alunos tiveram a oportunidade de visitar os laborat\u00f3rios de Eletr\u00f3nica da Universidade da Madeira, numa experi\u00eancia \u00fanica de contacto direto com a tecnologia e a inova\u00e7\u00e3o. <img decoding=\"async\" height=\"16\" width=\"16\" alt=\"\ud83c\udf93\" src=\"https:\/\/static.xx.fbcdn.net\/images\/emoji.php\/v9\/t25\/1\/16\/1f393.png\"><img decoding=\"async\" height=\"16\" width=\"16\" alt=\"\ud83d\udca1\" src=\"https:\/\/static.xx.fbcdn.net\/images\/emoji.php\/v9\/t3c\/1\/16\/1f4a1.png\"><\/p>\n\n\n\n<p>Durante a visita, puderam conhecer equipamentos, projetos e aplica\u00e7\u00f5es reais, despertando a curiosidade e o interesse por \u00e1reas ligadas \u00e0 engenharia e \u00e0 tecnologia.<\/p>\n\n\n\n<p><img decoding=\"async\" height=\"16\" width=\"16\" alt=\"\u2728\" src=\"https:\/\/static.xx.fbcdn.net\/images\/emoji.php\/v9\/tf4\/1\/16\/2728.png\"> Foi inspirador ver o entusiasmo dos alunos ao descobrirem novas possibilidades para o seu futuro acad\u00e9mico e profissional. Momentos como este s\u00e3o fundamentais para abrir horizontes e incentivar voca\u00e7\u00f5es!<\/p>\n\n\n\n<p><img loading=\"lazy\" decoding=\"async\" height=\"16\" width=\"16\" alt=\"\ud83d\udc4f\" src=\"https:\/\/static.xx.fbcdn.net\/images\/emoji.php\/v9\/tfe\/1\/16\/1f44f.png\"> Agradecemos \u00e0 Universidade da Madeira pela rece\u00e7\u00e3o e partilha de conhecimento.<\/p>\n\n\n\n<p><a href=\"https:\/\/www.facebook.com\/hashtag\/educa%C3%A7%C3%A3o?__eep__=6&amp;__cft__[0]=AZZfarovD8_z22BH1tSIayvYD5mcz2EsZt_MymgyT6Co5YHhsIvYiQXxdDQH7tLQaWB_iETvyxXNM4MIEzRQO4rkeFoNwYz9JrjmC1084fEctr3AevzBuVzGexfGS1a9i31q45fqmtuS6kYTVpq8e86bofCzXaABgMTmll2TF9Mj7-dBouFo92lSLXCJPmrbj08&amp;__tn__=*NK-R\">#Educa\u00e7\u00e3o<\/a><a href=\"https:\/\/www.facebook.com\/hashtag\/tecnologia?__eep__=6&amp;__cft__[0]=AZZfarovD8_z22BH1tSIayvYD5mcz2EsZt_MymgyT6Co5YHhsIvYiQXxdDQH7tLQaWB_iETvyxXNM4MIEzRQO4rkeFoNwYz9JrjmC1084fEctr3AevzBuVzGexfGS1a9i31q45fqmtuS6kYTVpq8e86bofCzXaABgMTmll2TF9Mj7-dBouFo92lSLXCJPmrbj08&amp;__tn__=*NK-R\">#Tecnologia<\/a><a href=\"https:\/\/www.facebook.com\/hashtag\/universidadedamadeira?__eep__=6&amp;__cft__[0]=AZZfarovD8_z22BH1tSIayvYD5mcz2EsZt_MymgyT6Co5YHhsIvYiQXxdDQH7tLQaWB_iETvyxXNM4MIEzRQO4rkeFoNwYz9JrjmC1084fEctr3AevzBuVzGexfGS1a9i31q45fqmtuS6kYTVpq8e86bofCzXaABgMTmll2TF9Mj7-dBouFo92lSLXCJPmrbj08&amp;__tn__=*NK-R\">#UniversidadeDaMadeira<\/a><a href=\"https:\/\/www.facebook.com\/hashtag\/futuro?__eep__=6&amp;__cft__[0]=AZZfarovD8_z22BH1tSIayvYD5mcz2EsZt_MymgyT6Co5YHhsIvYiQXxdDQH7tLQaWB_iETvyxXNM4MIEzRQO4rkeFoNwYz9JrjmC1084fEctr3AevzBuVzGexfGS1a9i31q45fqmtuS6kYTVpq8e86bofCzXaABgMTmll2TF9Mj7-dBouFo92lSLXCJPmrbj08&amp;__tn__=*NK-R\">#Futuro<\/a><a href=\"https:\/\/www.facebook.com\/hashtag\/inspira%C3%A7%C3%A3o?__eep__=6&amp;__cft__[0]=AZZfarovD8_z22BH1tSIayvYD5mcz2EsZt_MymgyT6Co5YHhsIvYiQXxdDQH7tLQaWB_iETvyxXNM4MIEzRQO4rkeFoNwYz9JrjmC1084fEctr3AevzBuVzGexfGS1a9i31q45fqmtuS6kYTVpq8e86bofCzXaABgMTmll2TF9Mj7-dBouFo92lSLXCJPmrbj08&amp;__tn__=*NK-R\">#Inspira\u00e7\u00e3o<\/a><a href=\"https:\/\/www.facebook.com\/hashtag\/stem?__eep__=6&amp;__cft__[0]=AZZfarovD8_z22BH1tSIayvYD5mcz2EsZt_MymgyT6Co5YHhsIvYiQXxdDQH7tLQaWB_iETvyxXNM4MIEzRQO4rkeFoNwYz9JrjmC1084fEctr3AevzBuVzGexfGS1a9i31q45fqmtuS6kYTVpq8e86bofCzXaABgMTmll2TF9Mj7-dBouFo92lSLXCJPmrbj08&amp;__tn__=*NK-R\">#STEM<\/a><\/p>\n\n\n\n<figure class=\"wp-block-image aligncenter size-full\"><img loading=\"lazy\" decoding=\"async\" width=\"660\" height=\"653\" src=\"https:\/\/escoladigital.madeira.gov.pt\/ebsscruz\/wp-content\/uploads\/sites\/6\/2026\/03\/image-12.png\" alt=\"\" class=\"wp-image-5847\" srcset=\"https:\/\/escoladigital.madeira.gov.pt\/ebsscruz\/wp-content\/uploads\/sites\/6\/2026\/03\/image-12.png 660w, https:\/\/escoladigital.madeira.gov.pt\/ebsscruz\/wp-content\/uploads\/sites\/6\/2026\/03\/image-12-300x297.png 300w\" sizes=\"(max-width: 660px) 100vw, 660px\" \/><\/figure>\n","protected":false},"excerpt":{"rendered":"<p>Os nossos alunos tiveram a oportunidade de visitar os laborat\u00f3rios de Eletr\u00f3nica da Universidade da Madeira, numa experi\u00eancia \u00fanica de [&hellip;]<\/p>\n","protected":false},"author":37,"featured_media":0,"comment_status":"closed","ping_status":"closed","sticky":false,"template":"","format":"standard","meta":{"site-sidebar-layout":"default","site-content-layout":"","ast-site-content-layout":"default","site-content-style":"default","site-sidebar-style":"default","ast-global-header-display":"","ast-banner-title-visibility":"","ast-main-header-display":"","ast-hfb-above-header-display":"","ast-hfb-below-header-display":"","ast-hfb-mobile-header-display":"","site-post-title":"","ast-breadcrumbs-content":"","ast-featured-img":"","footer-sml-layout":"","ast-disable-related-posts":"","theme-transparent-header-meta":"","adv-header-id-meta":"","stick-header-meta":"","header-above-stick-meta":"","header-main-stick-meta":"","header-below-stick-meta":"","astra-migrate-meta-layouts":"default","ast-page-background-enabled":"default","ast-page-background-meta":{"desktop":{"background-color":"var(--ast-global-color-4)","background-image":"","background-repeat":"repeat","background-position":"center center","background-size":"auto","background-attachment":"scroll","background-type":"","background-media":"","overlay-type":"","overlay-color":"","overlay-opacity":"","overlay-gradient":""},"tablet":{"background-color":"","background-image":"","background-repeat":"repeat","background-position":"center center","background-size":"auto","background-attachment":"scroll","background-type":"","background-media":"","overlay-type":"","overlay-color":"","overlay-opacity":"","overlay-gradient":""},"mobile":{"background-color":"","background-image":"","background-repeat":"repeat","background-position":"center center","background-size":"auto","background-attachment":"scroll","background-type":"","background-media":"","overlay-type":"","overlay-color":"","overlay-opacity":"","overlay-gradient":""}},"ast-content-background-meta":{"desktop":{"background-color":"var(--ast-global-color-5)","background-image":"","background-repeat":"repeat","background-position":"center center","background-size":"auto","background-attachment":"scroll","background-type":"","background-media":"","overlay-type":"","overlay-color":"","overlay-opacity":"","overlay-gradient":""},"tablet":{"background-color":"var(--ast-global-color-5)","background-image":"","background-repeat":"repeat","background-position":"center center","background-size":"auto","background-attachment":"scroll","background-type":"","background-media":"","overlay-type":"","overlay-color":"","overlay-opacity":"","overlay-gradient":""},"mobile":{"background-color":"var(--ast-global-color-5)","background-image":"","background-repeat":"repeat","background-position":"center center","background-size":"auto","background-attachment":"scroll","background-type":"","background-media":"","overlay-type":"","overlay-color":"","overlay-opacity":"","overlay-gradient":""}},"_themeisle_gutenberg_block_has_review":false,"footnotes":""},"categories":[9],"tags":[],"class_list":["post-5846","post","type-post","status-publish","format-standard","hentry","category-pp"],"_links":{"self":[{"href":"https:\/\/escoladigital.madeira.gov.pt\/ebsscruz\/wp-json\/wp\/v2\/posts\/5846","targetHints":{"allow":["GET"]}}],"collection":[{"href":"https:\/\/escoladigital.madeira.gov.pt\/ebsscruz\/wp-json\/wp\/v2\/posts"}],"about":[{"href":"https:\/\/escoladigital.madeira.gov.pt\/ebsscruz\/wp-json\/wp\/v2\/types\/post"}],"author":[{"embeddable":true,"href":"https:\/\/escoladigital.madeira.gov.pt\/ebsscruz\/wp-json\/wp\/v2\/users\/37"}],"replies":[{"embeddable":true,"href":"https:\/\/escoladigital.madeira.gov.pt\/ebsscruz\/wp-json\/wp\/v2\/comments?post=5846"}],"version-history":[{"count":1,"href":"https:\/\/escoladigital.madeira.gov.pt\/ebsscruz\/wp-json\/wp\/v2\/posts\/5846\/revisions"}],"predecessor-version":[{"id":5848,"href":"https:\/\/escoladigital.madeira.gov.pt\/ebsscruz\/wp-json\/wp\/v2\/posts\/5846\/revisions\/5848"}],"wp:attachment":[{"href":"https:\/\/escoladigital.madeira.gov.pt\/ebsscruz\/wp-json\/wp\/v2\/media?parent=5846"}],"wp:term":[{"taxonomy":"category","embeddable":true,"href":"https:\/\/escoladigital.madeira.gov.pt\/ebsscruz\/wp-json\/wp\/v2\/categories?post=5846"},{"taxonomy":"post_tag","embeddable":true,"href":"https:\/\/escoladigital.madeira.gov.pt\/ebsscruz\/wp-json\/wp\/v2\/tags?post=5846"}],"curies":[{"name":"wp","href":"https:\/\/api.w.org\/{rel}","templated":true}]}}