{"id":5859,"date":"2026-03-27T11:34:32","date_gmt":"2026-03-27T11:34:32","guid":{"rendered":"https:\/\/escoladigital.madeira.gov.pt\/ebsscruz\/?p=5859"},"modified":"2026-03-27T11:34:32","modified_gmt":"2026-03-27T11:34:32","slug":"sabias-que","status":"publish","type":"post","link":"https:\/\/escoladigital.madeira.gov.pt\/ebsscruz\/2026\/03\/27\/sabias-que\/","title":{"rendered":"Sabias que\u2026?"},"content":{"rendered":"\n<p>Hoje trazemos mais uma curiosidade da l\u00edngua portuguesa: \u201candar \u00e0 toa\u201d.<\/p>\n\n\n\n<p>D\u00e1 play no v\u00eddeo e descobre a origem desta express\u00e3o t\u00e3o usada no dia a dia. <img decoding=\"async\" height=\"16\" width=\"16\" alt=\"\u2693\" src=\"https:\/\/static.xx.fbcdn.net\/images\/emoji.php\/v9\/t87\/1\/16\/2693.png\"><img decoding=\"async\" height=\"16\" width=\"16\" alt=\"\ud83d\udcda\" src=\"https:\/\/static.xx.fbcdn.net\/images\/emoji.php\/v9\/t49\/1\/16\/1f4da.png\"><\/p>\n\n\n\n<p><a href=\"https:\/\/www.facebook.com\/watch\/hashtag\/sabiasque?__eep__=6%2F&amp;__cft__[0]=AZYZ3sO6LKxV9XqD3IH6prZqAdqfUtIyK9315N7Pl7WqqN_TopWFpMXblAT61hKOzoq6rfr2wPEBjKI18pibS6FyLJRALZt_we3SLoV5gFdwu8DzrZuTEYYiZ1ufh1bmXH3EAJTyD2rL62RIlFoUTMKlRVfDK8DTy59rpQ_VzhHe9CypD9HuCE_KSU57epZOTKltE2clgnSnPxGWBcKDs5L0&amp;__tn__=*NK-R\">#SabiasQue<\/a><a href=\"https:\/\/www.facebook.com\/watch\/hashtag\/l%C3%ADnguaportuguesa?__eep__=6%2F&amp;__cft__[0]=AZYZ3sO6LKxV9XqD3IH6prZqAdqfUtIyK9315N7Pl7WqqN_TopWFpMXblAT61hKOzoq6rfr2wPEBjKI18pibS6FyLJRALZt_we3SLoV5gFdwu8DzrZuTEYYiZ1ufh1bmXH3EAJTyD2rL62RIlFoUTMKlRVfDK8DTy59rpQ_VzhHe9CypD9HuCE_KSU57epZOTKltE2clgnSnPxGWBcKDs5L0&amp;__tn__=*NK-R\">#L\u00ednguaPortuguesa<\/a><a href=\"https:\/\/www.facebook.com\/watch\/hashtag\/curiosidades?__eep__=6%2F&amp;__cft__[0]=AZYZ3sO6LKxV9XqD3IH6prZqAdqfUtIyK9315N7Pl7WqqN_TopWFpMXblAT61hKOzoq6rfr2wPEBjKI18pibS6FyLJRALZt_we3SLoV5gFdwu8DzrZuTEYYiZ1ufh1bmXH3EAJTyD2rL62RIlFoUTMKlRVfDK8DTy59rpQ_VzhHe9CypD9HuCE_KSU57epZOTKltE2clgnSnPxGWBcKDs5L0&amp;__tn__=*NK-R\">#Curiosidades<\/a><a href=\"https:\/\/www.facebook.com\/watch\/hashtag\/express%C3%B5espopulares?__eep__=6%2F&amp;__cft__[0]=AZYZ3sO6LKxV9XqD3IH6prZqAdqfUtIyK9315N7Pl7WqqN_TopWFpMXblAT61hKOzoq6rfr2wPEBjKI18pibS6FyLJRALZt_we3SLoV5gFdwu8DzrZuTEYYiZ1ufh1bmXH3EAJTyD2rL62RIlFoUTMKlRVfDK8DTy59rpQ_VzhHe9CypD9HuCE_KSU57epZOTKltE2clgnSnPxGWBcKDs5L0&amp;__tn__=*NK-R\">#Express\u00f5esPopulares<\/a><a href=\"https:\/\/www.facebook.com\/watch\/hashtag\/portugu%C3%AAs?__eep__=6%2F&amp;__cft__[0]=AZYZ3sO6LKxV9XqD3IH6prZqAdqfUtIyK9315N7Pl7WqqN_TopWFpMXblAT61hKOzoq6rfr2wPEBjKI18pibS6FyLJRALZt_we3SLoV5gFdwu8DzrZuTEYYiZ1ufh1bmXH3EAJTyD2rL62RIlFoUTMKlRVfDK8DTy59rpQ_VzhHe9CypD9HuCE_KSU57epZOTKltE2clgnSnPxGWBcKDs5L0&amp;__tn__=*NK-R\">#Portugu\u00eas<\/a><\/p>\n\n\n\n<p>facebook.com\/reel\/2039401160125173\/?s=single_unit<\/p>\n\n\n\n<p><br><\/p>\n","protected":false},"excerpt":{"rendered":"<p>Hoje trazemos mais uma curiosidade da l\u00edngua portuguesa: \u201candar \u00e0 toa\u201d. D\u00e1 play no v\u00eddeo e descobre a origem desta [&hellip;]<\/p>\n","protected":false},"author":37,"featured_media":0,"comment_status":"closed","ping_status":"closed","sticky":false,"template":"","format":"standard","meta":{"site-sidebar-layout":"default","site-content-layout":"","ast-site-content-layout":"default","site-content-style":"default","site-sidebar-style":"default","ast-global-header-display":"","ast-banner-title-visibility":"","ast-main-header-display":"","ast-hfb-above-header-display":"","ast-hfb-below-header-display":"","ast-hfb-mobile-header-display":"","site-post-title":"","ast-breadcrumbs-content":"","ast-featured-img":"","footer-sml-layout":"","ast-disable-related-posts":"","theme-transparent-header-meta":"","adv-header-id-meta":"","stick-header-meta":"","header-above-stick-meta":"","header-main-stick-meta":"","header-below-stick-meta":"","astra-migrate-meta-layouts":"default","ast-page-background-enabled":"default","ast-page-background-meta":{"desktop":{"background-color":"var(--ast-global-color-4)","background-image":"","background-repeat":"repeat","background-position":"center center","background-size":"auto","background-attachment":"scroll","background-type":"","background-media":"","overlay-type":"","overlay-color":"","overlay-opacity":"","overlay-gradient":""},"tablet":{"background-color":"","background-image":"","background-repeat":"repeat","background-position":"center center","background-size":"auto","background-attachment":"scroll","background-type":"","background-media":"","overlay-type":"","overlay-color":"","overlay-opacity":"","overlay-gradient":""},"mobile":{"background-color":"","background-image":"","background-repeat":"repeat","background-position":"center center","background-size":"auto","background-attachment":"scroll","background-type":"","background-media":"","overlay-type":"","overlay-color":"","overlay-opacity":"","overlay-gradient":""}},"ast-content-background-meta":{"desktop":{"background-color":"var(--ast-global-color-5)","background-image":"","background-repeat":"repeat","background-position":"center center","background-size":"auto","background-attachment":"scroll","background-type":"","background-media":"","overlay-type":"","overlay-color":"","overlay-opacity":"","overlay-gradient":""},"tablet":{"background-color":"var(--ast-global-color-5)","background-image":"","background-repeat":"repeat","background-position":"center center","background-size":"auto","background-attachment":"scroll","background-type":"","background-media":"","overlay-type":"","overlay-color":"","overlay-opacity":"","overlay-gradient":""},"mobile":{"background-color":"var(--ast-global-color-5)","background-image":"","background-repeat":"repeat","background-position":"center center","background-size":"auto","background-attachment":"scroll","background-type":"","background-media":"","overlay-type":"","overlay-color":"","overlay-opacity":"","overlay-gradient":""}},"_themeisle_gutenberg_block_has_review":false,"footnotes":""},"categories":[9],"tags":[],"class_list":["post-5859","post","type-post","status-publish","format-standard","hentry","category-pp"],"_links":{"self":[{"href":"https:\/\/escoladigital.madeira.gov.pt\/ebsscruz\/wp-json\/wp\/v2\/posts\/5859","targetHints":{"allow":["GET"]}}],"collection":[{"href":"https:\/\/escoladigital.madeira.gov.pt\/ebsscruz\/wp-json\/wp\/v2\/posts"}],"about":[{"href":"https:\/\/escoladigital.madeira.gov.pt\/ebsscruz\/wp-json\/wp\/v2\/types\/post"}],"author":[{"embeddable":true,"href":"https:\/\/escoladigital.madeira.gov.pt\/ebsscruz\/wp-json\/wp\/v2\/users\/37"}],"replies":[{"embeddable":true,"href":"https:\/\/escoladigital.madeira.gov.pt\/ebsscruz\/wp-json\/wp\/v2\/comments?post=5859"}],"version-history":[{"count":1,"href":"https:\/\/escoladigital.madeira.gov.pt\/ebsscruz\/wp-json\/wp\/v2\/posts\/5859\/revisions"}],"predecessor-version":[{"id":5860,"href":"https:\/\/escoladigital.madeira.gov.pt\/ebsscruz\/wp-json\/wp\/v2\/posts\/5859\/revisions\/5860"}],"wp:attachment":[{"href":"https:\/\/escoladigital.madeira.gov.pt\/ebsscruz\/wp-json\/wp\/v2\/media?parent=5859"}],"wp:term":[{"taxonomy":"category","embeddable":true,"href":"https:\/\/escoladigital.madeira.gov.pt\/ebsscruz\/wp-json\/wp\/v2\/categories?post=5859"},{"taxonomy":"post_tag","embeddable":true,"href":"https:\/\/escoladigital.madeira.gov.pt\/ebsscruz\/wp-json\/wp\/v2\/tags?post=5859"}],"curies":[{"name":"wp","href":"https:\/\/api.w.org\/{rel}","templated":true}]}}