{"id":5864,"date":"2026-03-26T18:18:10","date_gmt":"2026-03-26T18:18:10","guid":{"rendered":"https:\/\/escoladigital.madeira.gov.pt\/ebsscruz\/?p=5864"},"modified":"2026-03-27T18:18:37","modified_gmt":"2026-03-27T18:18:37","slug":"atencao-data-alterada","status":"publish","type":"post","link":"https:\/\/escoladigital.madeira.gov.pt\/ebsscruz\/2026\/03\/26\/atencao-data-alterada\/","title":{"rendered":"ATEN\u00c7\u00c3O! DATA ALTERADA!"},"content":{"rendered":"\n<p>A 2.\u00aa edi\u00e7\u00e3o do concurso \u201cEntre Capas \u2013 Bookface\u201d tem novo prazo de participa\u00e7\u00e3o: 31 de mar\u00e7o.<\/p>\n\n\n\n<p>Escolhe um livro, entra na capa e transforma-te na imagem.<\/p>\n\n\n\n<p>Queremos ver a tua criatividade!<\/p>\n\n\n\n<p><img decoding=\"async\" height=\"16\" width=\"16\" alt=\"\ud83d\udccc\" src=\"https:\/\/static.xx.fbcdn.net\/images\/emoji.php\/v9\/tac\/1\/16\/1f4cc.png\"> Destinat\u00e1rios:<\/p>\n\n\n\n<p>Alunos, professores, funcion\u00e1rios e encarregados de educa\u00e7\u00e3o<\/p>\n\n\n\n<p><img decoding=\"async\" height=\"16\" width=\"16\" alt=\"\ud83d\udce7\" src=\"https:\/\/static.xx.fbcdn.net\/images\/emoji.php\/v9\/tbe\/1\/16\/1f4e7.png\"> Envia a tua fotografia para:<\/p>\n\n\n\n<p>concursoentrecapas@gmail.com<\/p>\n\n\n\n<p>Assunto: Concurso Entre Capas<\/p>\n\n\n\n<p><img decoding=\"async\" height=\"16\" width=\"16\" alt=\"\ud83c\udfc6\" src=\"https:\/\/static.xx.fbcdn.net\/images\/emoji.php\/v9\/tbe\/1\/16\/1f3c6.png\"> Haver\u00e1 pr\u00e9mios!<\/p>\n\n\n\n<p>Crit\u00e9rios de avalia\u00e7\u00e3o: Criatividade + Enquadramento<\/p>\n\n\n\n<p>Organiza\u00e7\u00e3o:<\/p>\n\n\n\n<p>Grupo Disciplinar de Portugu\u00eas<\/p>\n\n\n\n<p>Projeto eTwinning \u201cRead me Across Borders\u201d<\/p>\n\n\n\n<p>Escola B\u00e1sica e Secund\u00e1ria de Santa Cruz<\/p>\n\n\n\n<p>Participa e partilha esta ideia! <img loading=\"lazy\" decoding=\"async\" height=\"16\" width=\"16\" alt=\"\ud83d\udc9b\" src=\"https:\/\/static.xx.fbcdn.net\/images\/emoji.php\/v9\/t15\/1\/16\/1f49b.png\"><\/p>\n\n\n\n<p><a href=\"https:\/\/www.facebook.com\/hashtag\/entrecapas?__eep__=6&amp;__cft__[0]=AZaZaYe74AB3vVcPtG5SqVFuLEES_2a4iAsDogsGCUAV4fnbuKCnGvp5GfDlOAZjMp6-oXuSwJZEkoUyxcPIh-HYGPPWW4KXi7uyuTH145WdAqYH3DoVMqa7UPaB19qznGkop052Hwg0NhW6qopZrPIPgmOciWJ7tU5QvQovf4CTB-8Meisc0keAEKkRFdoLXWM&amp;__tn__=*NK-R\">#EntreCapas<\/a><a href=\"https:\/\/www.facebook.com\/hashtag\/bookface?__eep__=6&amp;__cft__[0]=AZaZaYe74AB3vVcPtG5SqVFuLEES_2a4iAsDogsGCUAV4fnbuKCnGvp5GfDlOAZjMp6-oXuSwJZEkoUyxcPIh-HYGPPWW4KXi7uyuTH145WdAqYH3DoVMqa7UPaB19qznGkop052Hwg0NhW6qopZrPIPgmOciWJ7tU5QvQovf4CTB-8Meisc0keAEKkRFdoLXWM&amp;__tn__=*NK-R\">#Bookface<\/a><a href=\"https:\/\/www.facebook.com\/hashtag\/leitura?__eep__=6&amp;__cft__[0]=AZaZaYe74AB3vVcPtG5SqVFuLEES_2a4iAsDogsGCUAV4fnbuKCnGvp5GfDlOAZjMp6-oXuSwJZEkoUyxcPIh-HYGPPWW4KXi7uyuTH145WdAqYH3DoVMqa7UPaB19qznGkop052Hwg0NhW6qopZrPIPgmOciWJ7tU5QvQovf4CTB-8Meisc0keAEKkRFdoLXWM&amp;__tn__=*NK-R\">#Leitura<\/a><a href=\"https:\/\/www.facebook.com\/hashtag\/criatividade?__eep__=6&amp;__cft__[0]=AZaZaYe74AB3vVcPtG5SqVFuLEES_2a4iAsDogsGCUAV4fnbuKCnGvp5GfDlOAZjMp6-oXuSwJZEkoUyxcPIh-HYGPPWW4KXi7uyuTH145WdAqYH3DoVMqa7UPaB19qznGkop052Hwg0NhW6qopZrPIPgmOciWJ7tU5QvQovf4CTB-8Meisc0keAEKkRFdoLXWM&amp;__tn__=*NK-R\">#Criatividade<\/a><a href=\"https:\/\/www.facebook.com\/hashtag\/etwinning?__eep__=6&amp;__cft__[0]=AZaZaYe74AB3vVcPtG5SqVFuLEES_2a4iAsDogsGCUAV4fnbuKCnGvp5GfDlOAZjMp6-oXuSwJZEkoUyxcPIh-HYGPPWW4KXi7uyuTH145WdAqYH3DoVMqa7UPaB19qznGkop052Hwg0NhW6qopZrPIPgmOciWJ7tU5QvQovf4CTB-8Meisc0keAEKkRFdoLXWM&amp;__tn__=*NK-R\">#eTwinning<\/a><a href=\"https:\/\/www.facebook.com\/hashtag\/ebssc?__eep__=6&amp;__cft__[0]=AZaZaYe74AB3vVcPtG5SqVFuLEES_2a4iAsDogsGCUAV4fnbuKCnGvp5GfDlOAZjMp6-oXuSwJZEkoUyxcPIh-HYGPPWW4KXi7uyuTH145WdAqYH3DoVMqa7UPaB19qznGkop052Hwg0NhW6qopZrPIPgmOciWJ7tU5QvQovf4CTB-8Meisc0keAEKkRFdoLXWM&amp;__tn__=*NK-R\">#EBSSC<\/a><\/p>\n\n\n\n<figure class=\"wp-block-image aligncenter size-full\"><img loading=\"lazy\" decoding=\"async\" width=\"526\" height=\"789\" src=\"https:\/\/escoladigital.madeira.gov.pt\/ebsscruz\/wp-content\/uploads\/sites\/6\/2026\/03\/image-13.png\" alt=\"\" class=\"wp-image-5865\" srcset=\"https:\/\/escoladigital.madeira.gov.pt\/ebsscruz\/wp-content\/uploads\/sites\/6\/2026\/03\/image-13.png 526w, https:\/\/escoladigital.madeira.gov.pt\/ebsscruz\/wp-content\/uploads\/sites\/6\/2026\/03\/image-13-200x300.png 200w\" sizes=\"(max-width: 526px) 100vw, 526px\" \/><\/figure>\n","protected":false},"excerpt":{"rendered":"<p>A 2.\u00aa edi\u00e7\u00e3o do concurso \u201cEntre Capas \u2013 Bookface\u201d tem novo prazo de participa\u00e7\u00e3o: 31 de mar\u00e7o. Escolhe um livro, [&hellip;]<\/p>\n","protected":false},"author":37,"featured_media":0,"comment_status":"closed","ping_status":"closed","sticky":false,"template":"","format":"standard","meta":{"site-sidebar-layout":"default","site-content-layout":"","ast-site-content-layout":"default","site-content-style":"default","site-sidebar-style":"default","ast-global-header-display":"","ast-banner-title-visibility":"","ast-main-header-display":"","ast-hfb-above-header-display":"","ast-hfb-below-header-display":"","ast-hfb-mobile-header-display":"","site-post-title":"","ast-breadcrumbs-content":"","ast-featured-img":"","footer-sml-layout":"","ast-disable-related-posts":"","theme-transparent-header-meta":"","adv-header-id-meta":"","stick-header-meta":"","header-above-stick-meta":"","header-main-stick-meta":"","header-below-stick-meta":"","astra-migrate-meta-layouts":"default","ast-page-background-enabled":"default","ast-page-background-meta":{"desktop":{"background-color":"var(--ast-global-color-4)","background-image":"","background-repeat":"repeat","background-position":"center center","background-size":"auto","background-attachment":"scroll","background-type":"","background-media":"","overlay-type":"","overlay-color":"","overlay-opacity":"","overlay-gradient":""},"tablet":{"background-color":"","background-image":"","background-repeat":"repeat","background-position":"center center","background-size":"auto","background-attachment":"scroll","background-type":"","background-media":"","overlay-type":"","overlay-color":"","overlay-opacity":"","overlay-gradient":""},"mobile":{"background-color":"","background-image":"","background-repeat":"repeat","background-position":"center center","background-size":"auto","background-attachment":"scroll","background-type":"","background-media":"","overlay-type":"","overlay-color":"","overlay-opacity":"","overlay-gradient":""}},"ast-content-background-meta":{"desktop":{"background-color":"var(--ast-global-color-5)","background-image":"","background-repeat":"repeat","background-position":"center center","background-size":"auto","background-attachment":"scroll","background-type":"","background-media":"","overlay-type":"","overlay-color":"","overlay-opacity":"","overlay-gradient":""},"tablet":{"background-color":"var(--ast-global-color-5)","background-image":"","background-repeat":"repeat","background-position":"center center","background-size":"auto","background-attachment":"scroll","background-type":"","background-media":"","overlay-type":"","overlay-color":"","overlay-opacity":"","overlay-gradient":""},"mobile":{"background-color":"var(--ast-global-color-5)","background-image":"","background-repeat":"repeat","background-position":"center center","background-size":"auto","background-attachment":"scroll","background-type":"","background-media":"","overlay-type":"","overlay-color":"","overlay-opacity":"","overlay-gradient":""}},"_themeisle_gutenberg_block_has_review":false,"footnotes":""},"categories":[9],"tags":[],"class_list":["post-5864","post","type-post","status-publish","format-standard","hentry","category-pp"],"_links":{"self":[{"href":"https:\/\/escoladigital.madeira.gov.pt\/ebsscruz\/wp-json\/wp\/v2\/posts\/5864","targetHints":{"allow":["GET"]}}],"collection":[{"href":"https:\/\/escoladigital.madeira.gov.pt\/ebsscruz\/wp-json\/wp\/v2\/posts"}],"about":[{"href":"https:\/\/escoladigital.madeira.gov.pt\/ebsscruz\/wp-json\/wp\/v2\/types\/post"}],"author":[{"embeddable":true,"href":"https:\/\/escoladigital.madeira.gov.pt\/ebsscruz\/wp-json\/wp\/v2\/users\/37"}],"replies":[{"embeddable":true,"href":"https:\/\/escoladigital.madeira.gov.pt\/ebsscruz\/wp-json\/wp\/v2\/comments?post=5864"}],"version-history":[{"count":1,"href":"https:\/\/escoladigital.madeira.gov.pt\/ebsscruz\/wp-json\/wp\/v2\/posts\/5864\/revisions"}],"predecessor-version":[{"id":5866,"href":"https:\/\/escoladigital.madeira.gov.pt\/ebsscruz\/wp-json\/wp\/v2\/posts\/5864\/revisions\/5866"}],"wp:attachment":[{"href":"https:\/\/escoladigital.madeira.gov.pt\/ebsscruz\/wp-json\/wp\/v2\/media?parent=5864"}],"wp:term":[{"taxonomy":"category","embeddable":true,"href":"https:\/\/escoladigital.madeira.gov.pt\/ebsscruz\/wp-json\/wp\/v2\/categories?post=5864"},{"taxonomy":"post_tag","embeddable":true,"href":"https:\/\/escoladigital.madeira.gov.pt\/ebsscruz\/wp-json\/wp\/v2\/tags?post=5864"}],"curies":[{"name":"wp","href":"https:\/\/api.w.org\/{rel}","templated":true}]}}