{"id":5990,"date":"2026-04-20T07:52:17","date_gmt":"2026-04-20T07:52:17","guid":{"rendered":"https:\/\/escoladigital.madeira.gov.pt\/ebsscruz\/?p=5990"},"modified":"2026-04-21T07:53:08","modified_gmt":"2026-04-21T07:53:08","slug":"somos-uma-escola-etwinning-2026-2027","status":"publish","type":"post","link":"https:\/\/escoladigital.madeira.gov.pt\/ebsscruz\/2026\/04\/20\/somos-uma-escola-etwinning-2026-2027\/","title":{"rendered":"Somos uma Escola eTwinning 2026-2027!"},"content":{"rendered":"\n<p>\u00c9 com enorme orgulho que partilhamos que a nossa escola foi reconhecida como eTwinning School para o per\u00edodo 2026-2027! <img decoding=\"async\" height=\"16\" width=\"16\" alt=\"\ud83d\udc9c\" src=\"https:\/\/static.xx.fbcdn.net\/images\/emoji.php\/v9\/t96\/1\/16\/1f49c.png\"><img decoding=\"async\" height=\"16\" width=\"16\" alt=\"\ud83d\udc9b\" src=\"https:\/\/static.xx.fbcdn.net\/images\/emoji.php\/v9\/t15\/1\/16\/1f49b.png\"><\/p>\n\n\n\n<p>Este selo distingue escolas que promovem:<\/p>\n\n\n\n<p><img decoding=\"async\" height=\"16\" width=\"16\" alt=\"\ud83e\udd1d\" src=\"https:\/\/static.xx.fbcdn.net\/images\/emoji.php\/v9\/t64\/1\/16\/1f91d.png\"> colabora\u00e7\u00e3o europeia<\/p>\n\n\n\n<p><img loading=\"lazy\" decoding=\"async\" height=\"16\" width=\"16\" alt=\"\ud83d\udca1\" src=\"https:\/\/static.xx.fbcdn.net\/images\/emoji.php\/v9\/t3c\/1\/16\/1f4a1.png\"> inova\u00e7\u00e3o pedag\u00f3gica<\/p>\n\n\n\n<p><img loading=\"lazy\" decoding=\"async\" height=\"16\" width=\"16\" alt=\"\ud83c\udf0d\" src=\"https:\/\/static.xx.fbcdn.net\/images\/emoji.php\/v9\/t3f\/1\/16\/1f30d.png\"> cidadania digital<\/p>\n\n\n\n<p><img loading=\"lazy\" decoding=\"async\" height=\"16\" width=\"16\" alt=\"\ud83d\udc69\u200d\ud83c\udfeb\" src=\"https:\/\/static.xx.fbcdn.net\/images\/emoji.php\/v9\/t94\/1\/16\/1f469_200d_1f3eb.png\"> trabalho em equipa entre professores<\/p>\n\n\n\n<p><img loading=\"lazy\" decoding=\"async\" height=\"16\" width=\"16\" alt=\"\ud83d\udc68\u200d\ud83c\udf93\" src=\"https:\/\/static.xx.fbcdn.net\/images\/emoji.php\/v9\/tb2\/1\/16\/1f468_200d_1f393.png\"> envolvimento ativo dos alunos<\/p>\n\n\n\n<p><img loading=\"lazy\" decoding=\"async\" height=\"16\" width=\"16\" alt=\"\ud83d\udc4f\" src=\"https:\/\/static.xx.fbcdn.net\/images\/emoji.php\/v9\/tfe\/1\/16\/1f44f.png\"> Equipa eTwinning:<\/p>\n\n\n\n<p>Arnaldo N\u00f3brega<\/p>\n\n\n\n<p>Carla Ferreira<\/p>\n\n\n\n<p>M\u00f3nica Pereira<\/p>\n\n\n\n<p>M\u00f3nica Velosa<\/p>\n\n\n\n<p>Este reconhecimento \u00e9 o reflexo do empenho de toda a comunidade educativa \u2014 alunos, professores e parceiros \u2014 que diariamente fazem da nossa escola um espa\u00e7o de partilha, criatividade e aprendizado.<\/p>\n\n\n\n<p>Continuamos juntos a construir pontes na Europa! <img loading=\"lazy\" decoding=\"async\" height=\"16\" width=\"16\" alt=\"\ud83c\uddea\ud83c\uddfa\" src=\"https:\/\/static.xx.fbcdn.net\/images\/emoji.php\/v9\/tdd\/1\/16\/1f1ea_1f1fa.png\"><img loading=\"lazy\" decoding=\"async\" height=\"16\" width=\"16\" alt=\"\u2728\" src=\"https:\/\/static.xx.fbcdn.net\/images\/emoji.php\/v9\/tf4\/1\/16\/2728.png\"><\/p>\n\n\n\n<p><a href=\"https:\/\/www.facebook.com\/hashtag\/etwinning?__cft__[0]=AZY4t2B9NUbAmyKdr8kYoY_2rN0DJjVheFWvTeaK43fYltOYjX6q0a0TGCoVp-8oGpB2dJbBUd1_LyI60ufd-cv0nEJOGqihfnH_xoFXGwUKCrXbJW4l_5OvsU_P1rNWnvC-pplsTT0js9JqIu84cDDY7mrvcyNmjJEhuZmKpn3ciA&amp;__tn__=*NK-R\">#eTwinning<\/a><a href=\"https:\/\/www.facebook.com\/hashtag\/etwinningschool?__cft__[0]=AZY4t2B9NUbAmyKdr8kYoY_2rN0DJjVheFWvTeaK43fYltOYjX6q0a0TGCoVp-8oGpB2dJbBUd1_LyI60ufd-cv0nEJOGqihfnH_xoFXGwUKCrXbJW4l_5OvsU_P1rNWnvC-pplsTT0js9JqIu84cDDY7mrvcyNmjJEhuZmKpn3ciA&amp;__tn__=*NK-R\">#eTwinningSchool<\/a><a href=\"https:\/\/www.facebook.com\/hashtag\/educa%C3%A7%C3%A3o?__cft__[0]=AZY4t2B9NUbAmyKdr8kYoY_2rN0DJjVheFWvTeaK43fYltOYjX6q0a0TGCoVp-8oGpB2dJbBUd1_LyI60ufd-cv0nEJOGqihfnH_xoFXGwUKCrXbJW4l_5OvsU_P1rNWnvC-pplsTT0js9JqIu84cDDY7mrvcyNmjJEhuZmKpn3ciA&amp;__tn__=*NK-R\">#Educa\u00e7\u00e3o<\/a><a href=\"https:\/\/www.facebook.com\/hashtag\/inova%C3%A7%C3%A3o?__cft__[0]=AZY4t2B9NUbAmyKdr8kYoY_2rN0DJjVheFWvTeaK43fYltOYjX6q0a0TGCoVp-8oGpB2dJbBUd1_LyI60ufd-cv0nEJOGqihfnH_xoFXGwUKCrXbJW4l_5OvsU_P1rNWnvC-pplsTT0js9JqIu84cDDY7mrvcyNmjJEhuZmKpn3ciA&amp;__tn__=*NK-R\">#Inova\u00e7\u00e3o<\/a><a href=\"https:\/\/www.facebook.com\/hashtag\/cidadaniadigital?__cft__[0]=AZY4t2B9NUbAmyKdr8kYoY_2rN0DJjVheFWvTeaK43fYltOYjX6q0a0TGCoVp-8oGpB2dJbBUd1_LyI60ufd-cv0nEJOGqihfnH_xoFXGwUKCrXbJW4l_5OvsU_P1rNWnvC-pplsTT0js9JqIu84cDDY7mrvcyNmjJEhuZmKpn3ciA&amp;__tn__=*NK-R\">#CidadaniaDigital<\/a><a href=\"https:\/\/www.facebook.com\/hashtag\/orgulho?__cft__[0]=AZY4t2B9NUbAmyKdr8kYoY_2rN0DJjVheFWvTeaK43fYltOYjX6q0a0TGCoVp-8oGpB2dJbBUd1_LyI60ufd-cv0nEJOGqihfnH_xoFXGwUKCrXbJW4l_5OvsU_P1rNWnvC-pplsTT0js9JqIu84cDDY7mrvcyNmjJEhuZmKpn3ciA&amp;__tn__=*NK-R\">#Orgulho<\/a><a href=\"https:\/\/www.facebook.com\/hashtag\/escola?__cft__[0]=AZY4t2B9NUbAmyKdr8kYoY_2rN0DJjVheFWvTeaK43fYltOYjX6q0a0TGCoVp-8oGpB2dJbBUd1_LyI60ufd-cv0nEJOGqihfnH_xoFXGwUKCrXbJW4l_5OvsU_P1rNWnvC-pplsTT0js9JqIu84cDDY7mrvcyNmjJEhuZmKpn3ciA&amp;__tn__=*NK-R\">#Escola<\/a><a href=\"https:\/\/www.facebook.com\/hashtag\/europa?__cft__[0]=AZY4t2B9NUbAmyKdr8kYoY_2rN0DJjVheFWvTeaK43fYltOYjX6q0a0TGCoVp-8oGpB2dJbBUd1_LyI60ufd-cv0nEJOGqihfnH_xoFXGwUKCrXbJW4l_5OvsU_P1rNWnvC-pplsTT0js9JqIu84cDDY7mrvcyNmjJEhuZmKpn3ciA&amp;__tn__=*NK-R\">#Europa<\/a><\/p>\n\n\n\n<figure class=\"wp-block-image aligncenter size-full\"><img loading=\"lazy\" decoding=\"async\" width=\"518\" height=\"640\" src=\"https:\/\/escoladigital.madeira.gov.pt\/ebsscruz\/wp-content\/uploads\/sites\/6\/2026\/04\/image-3.png\" alt=\"\" class=\"wp-image-5991\" srcset=\"https:\/\/escoladigital.madeira.gov.pt\/ebsscruz\/wp-content\/uploads\/sites\/6\/2026\/04\/image-3.png 518w, https:\/\/escoladigital.madeira.gov.pt\/ebsscruz\/wp-content\/uploads\/sites\/6\/2026\/04\/image-3-243x300.png 243w\" sizes=\"(max-width: 518px) 100vw, 518px\" \/><\/figure>\n","protected":false},"excerpt":{"rendered":"<p>\u00c9 com enorme orgulho que partilhamos que a nossa escola foi reconhecida como eTwinning School para o per\u00edodo 2026-2027! Este [&hellip;]<\/p>\n","protected":false},"author":37,"featured_media":0,"comment_status":"closed","ping_status":"closed","sticky":false,"template":"","format":"standard","meta":{"site-sidebar-layout":"default","site-content-layout":"","ast-site-content-layout":"default","site-content-style":"default","site-sidebar-style":"default","ast-global-header-display":"","ast-banner-title-visibility":"","ast-main-header-display":"","ast-hfb-above-header-display":"","ast-hfb-below-header-display":"","ast-hfb-mobile-header-display":"","site-post-title":"","ast-breadcrumbs-content":"","ast-featured-img":"","footer-sml-layout":"","ast-disable-related-posts":"","theme-transparent-header-meta":"","adv-header-id-meta":"","stick-header-meta":"","header-above-stick-meta":"","header-main-stick-meta":"","header-below-stick-meta":"","astra-migrate-meta-layouts":"default","ast-page-background-enabled":"default","ast-page-background-meta":{"desktop":{"background-color":"var(--ast-global-color-4)","background-image":"","background-repeat":"repeat","background-position":"center center","background-size":"auto","background-attachment":"scroll","background-type":"","background-media":"","overlay-type":"","overlay-color":"","overlay-opacity":"","overlay-gradient":""},"tablet":{"background-color":"","background-image":"","background-repeat":"repeat","background-position":"center center","background-size":"auto","background-attachment":"scroll","background-type":"","background-media":"","overlay-type":"","overlay-color":"","overlay-opacity":"","overlay-gradient":""},"mobile":{"background-color":"","background-image":"","background-repeat":"repeat","background-position":"center center","background-size":"auto","background-attachment":"scroll","background-type":"","background-media":"","overlay-type":"","overlay-color":"","overlay-opacity":"","overlay-gradient":""}},"ast-content-background-meta":{"desktop":{"background-color":"var(--ast-global-color-5)","background-image":"","background-repeat":"repeat","background-position":"center center","background-size":"auto","background-attachment":"scroll","background-type":"","background-media":"","overlay-type":"","overlay-color":"","overlay-opacity":"","overlay-gradient":""},"tablet":{"background-color":"var(--ast-global-color-5)","background-image":"","background-repeat":"repeat","background-position":"center center","background-size":"auto","background-attachment":"scroll","background-type":"","background-media":"","overlay-type":"","overlay-color":"","overlay-opacity":"","overlay-gradient":""},"mobile":{"background-color":"var(--ast-global-color-5)","background-image":"","background-repeat":"repeat","background-position":"center center","background-size":"auto","background-attachment":"scroll","background-type":"","background-media":"","overlay-type":"","overlay-color":"","overlay-opacity":"","overlay-gradient":""}},"_themeisle_gutenberg_block_has_review":false,"footnotes":""},"categories":[9],"tags":[],"class_list":["post-5990","post","type-post","status-publish","format-standard","hentry","category-pp"],"_links":{"self":[{"href":"https:\/\/escoladigital.madeira.gov.pt\/ebsscruz\/wp-json\/wp\/v2\/posts\/5990","targetHints":{"allow":["GET"]}}],"collection":[{"href":"https:\/\/escoladigital.madeira.gov.pt\/ebsscruz\/wp-json\/wp\/v2\/posts"}],"about":[{"href":"https:\/\/escoladigital.madeira.gov.pt\/ebsscruz\/wp-json\/wp\/v2\/types\/post"}],"author":[{"embeddable":true,"href":"https:\/\/escoladigital.madeira.gov.pt\/ebsscruz\/wp-json\/wp\/v2\/users\/37"}],"replies":[{"embeddable":true,"href":"https:\/\/escoladigital.madeira.gov.pt\/ebsscruz\/wp-json\/wp\/v2\/comments?post=5990"}],"version-history":[{"count":1,"href":"https:\/\/escoladigital.madeira.gov.pt\/ebsscruz\/wp-json\/wp\/v2\/posts\/5990\/revisions"}],"predecessor-version":[{"id":5992,"href":"https:\/\/escoladigital.madeira.gov.pt\/ebsscruz\/wp-json\/wp\/v2\/posts\/5990\/revisions\/5992"}],"wp:attachment":[{"href":"https:\/\/escoladigital.madeira.gov.pt\/ebsscruz\/wp-json\/wp\/v2\/media?parent=5990"}],"wp:term":[{"taxonomy":"category","embeddable":true,"href":"https:\/\/escoladigital.madeira.gov.pt\/ebsscruz\/wp-json\/wp\/v2\/categories?post=5990"},{"taxonomy":"post_tag","embeddable":true,"href":"https:\/\/escoladigital.madeira.gov.pt\/ebsscruz\/wp-json\/wp\/v2\/tags?post=5990"}],"curies":[{"name":"wp","href":"https:\/\/api.w.org\/{rel}","templated":true}]}}