{"id":6017,"date":"2026-04-22T12:41:15","date_gmt":"2026-04-22T12:41:15","guid":{"rendered":"https:\/\/escoladigital.madeira.gov.pt\/ebsscruz\/?p=6017"},"modified":"2026-04-22T12:41:15","modified_gmt":"2026-04-22T12:41:15","slug":"semana-da-orientacao-vocacional","status":"publish","type":"post","link":"https:\/\/escoladigital.madeira.gov.pt\/ebsscruz\/2026\/04\/22\/semana-da-orientacao-vocacional\/","title":{"rendered":"Semana da Orienta\u00e7\u00e3o Vocacional"},"content":{"rendered":"\n<p>No dia 14 de abril, a Escola B\u00e1sica e Secund\u00e1ria de Santa Cruz viveu um momento especial de partilha e descoberta.<\/p>\n\n\n\n<p>Os alunos do ensino secund\u00e1rio, dos cursos cient\u00edfico-human\u00edsticos e profissionais, assumiram o papel de verdadeiros guias e mentores, abrindo portas \u00e0s suas experi\u00eancias, desafios e curiosidades junto dos colegas do 9.\u00ba ano. <img decoding=\"async\" height=\"16\" width=\"16\" alt=\"\ud83c\udf93\" src=\"https:\/\/static.xx.fbcdn.net\/images\/emoji.php\/v9\/t25\/1\/16\/1f393.png\"><\/p>\n\n\n\n<p>Num ambiente din\u00e2mico e pr\u00f3ximo, foram esclarecidas d\u00favidas, desmistificados receios e partilhadas as viv\u00eancias ao longo dos tr\u00eas anos de secund\u00e1rio.<\/p>\n\n\n\n<p>Esta iniciativa revelou-se n\u00e3o s\u00f3 enriquecedora, mas tamb\u00e9m inspiradora, ajudando os alunos a encarar com mais confian\u00e7a e entusiasmo a nova etapa que se aproxima, contribuindo para uma tomada de decis\u00e3o mais consciente sobre o futuro. <img decoding=\"async\" height=\"16\" width=\"16\" alt=\"\ud83c\udf31\" src=\"https:\/\/static.xx.fbcdn.net\/images\/emoji.php\/v9\/t69\/1\/16\/1f331.png\"><\/p>\n\n\n\n<p><img decoding=\"async\" height=\"16\" width=\"16\" alt=\"\ud83d\udc4f\" src=\"https:\/\/static.xx.fbcdn.net\/images\/emoji.php\/v9\/tfe\/1\/16\/1f44f.png\"> Um agradecimento especial a todos os alunos envolvidos, pela disponibilidade, dedica\u00e7\u00e3o e esp\u00edrito de entreajuda!<\/p>\n\n\n\n<p><a href=\"https:\/\/www.facebook.com\/hashtag\/orienta%C3%A7%C3%A3ovocacional?__cft__[0]=AZY9bWERs7ykywT1qTWEBfV6XkID4m3IcpP6q50rGg2tNpZX1cOA2hhJzAer2pP2OnlPiZCpkuIW1MstusUqdv_MX5AE_qKrCJ2vAgmF3pkY1cI0S1iRoDt5vD8zBhrQ-Pv2fbya17GxdFxI6wtto2KNFmQ-MrCKfaYD57eFvYc9SrTnaq4daooxpia0--lzLYmFI5zOH35PwmNsAJrzZ24d&amp;__tn__=*NK-R\">#Orienta\u00e7\u00e3oVocacional<\/a><a href=\"https:\/\/www.facebook.com\/hashtag\/futuro?__cft__[0]=AZY9bWERs7ykywT1qTWEBfV6XkID4m3IcpP6q50rGg2tNpZX1cOA2hhJzAer2pP2OnlPiZCpkuIW1MstusUqdv_MX5AE_qKrCJ2vAgmF3pkY1cI0S1iRoDt5vD8zBhrQ-Pv2fbya17GxdFxI6wtto2KNFmQ-MrCKfaYD57eFvYc9SrTnaq4daooxpia0--lzLYmFI5zOH35PwmNsAJrzZ24d&amp;__tn__=*NK-R\">#Futuro<\/a><a href=\"https:\/\/www.facebook.com\/hashtag\/partilha?__cft__[0]=AZY9bWERs7ykywT1qTWEBfV6XkID4m3IcpP6q50rGg2tNpZX1cOA2hhJzAer2pP2OnlPiZCpkuIW1MstusUqdv_MX5AE_qKrCJ2vAgmF3pkY1cI0S1iRoDt5vD8zBhrQ-Pv2fbya17GxdFxI6wtto2KNFmQ-MrCKfaYD57eFvYc9SrTnaq4daooxpia0--lzLYmFI5zOH35PwmNsAJrzZ24d&amp;__tn__=*NK-R\">#Partilha<\/a><a href=\"https:\/\/www.facebook.com\/hashtag\/educa%C3%A7%C3%A3o?__cft__[0]=AZY9bWERs7ykywT1qTWEBfV6XkID4m3IcpP6q50rGg2tNpZX1cOA2hhJzAer2pP2OnlPiZCpkuIW1MstusUqdv_MX5AE_qKrCJ2vAgmF3pkY1cI0S1iRoDt5vD8zBhrQ-Pv2fbya17GxdFxI6wtto2KNFmQ-MrCKfaYD57eFvYc9SrTnaq4daooxpia0--lzLYmFI5zOH35PwmNsAJrzZ24d&amp;__tn__=*NK-R\">#Educa\u00e7\u00e3o<\/a><a href=\"https:\/\/www.facebook.com\/hashtag\/ebssc?__cft__[0]=AZY9bWERs7ykywT1qTWEBfV6XkID4m3IcpP6q50rGg2tNpZX1cOA2hhJzAer2pP2OnlPiZCpkuIW1MstusUqdv_MX5AE_qKrCJ2vAgmF3pkY1cI0S1iRoDt5vD8zBhrQ-Pv2fbya17GxdFxI6wtto2KNFmQ-MrCKfaYD57eFvYc9SrTnaq4daooxpia0--lzLYmFI5zOH35PwmNsAJrzZ24d&amp;__tn__=*NK-R\">#EBSSC<\/a><\/p>\n\n\n\n<figure class=\"wp-block-image size-full\"><img loading=\"lazy\" decoding=\"async\" width=\"854\" height=\"751\" src=\"https:\/\/escoladigital.madeira.gov.pt\/ebsscruz\/wp-content\/uploads\/sites\/6\/2026\/04\/image-4.png\" alt=\"\" class=\"wp-image-6018\" srcset=\"https:\/\/escoladigital.madeira.gov.pt\/ebsscruz\/wp-content\/uploads\/sites\/6\/2026\/04\/image-4.png 854w, https:\/\/escoladigital.madeira.gov.pt\/ebsscruz\/wp-content\/uploads\/sites\/6\/2026\/04\/image-4-300x264.png 300w, https:\/\/escoladigital.madeira.gov.pt\/ebsscruz\/wp-content\/uploads\/sites\/6\/2026\/04\/image-4-768x675.png 768w\" sizes=\"(max-width: 854px) 100vw, 854px\" \/><\/figure>\n","protected":false},"excerpt":{"rendered":"<p>No dia 14 de abril, a Escola B\u00e1sica e Secund\u00e1ria de Santa Cruz viveu um momento especial de partilha e [&hellip;]<\/p>\n","protected":false},"author":37,"featured_media":0,"comment_status":"closed","ping_status":"closed","sticky":false,"template":"","format":"standard","meta":{"site-sidebar-layout":"default","site-content-layout":"","ast-site-content-layout":"default","site-content-style":"default","site-sidebar-style":"default","ast-global-header-display":"","ast-banner-title-visibility":"","ast-main-header-display":"","ast-hfb-above-header-display":"","ast-hfb-below-header-display":"","ast-hfb-mobile-header-display":"","site-post-title":"","ast-breadcrumbs-content":"","ast-featured-img":"","footer-sml-layout":"","ast-disable-related-posts":"","theme-transparent-header-meta":"","adv-header-id-meta":"","stick-header-meta":"","header-above-stick-meta":"","header-main-stick-meta":"","header-below-stick-meta":"","astra-migrate-meta-layouts":"default","ast-page-background-enabled":"default","ast-page-background-meta":{"desktop":{"background-color":"var(--ast-global-color-4)","background-image":"","background-repeat":"repeat","background-position":"center center","background-size":"auto","background-attachment":"scroll","background-type":"","background-media":"","overlay-type":"","overlay-color":"","overlay-opacity":"","overlay-gradient":""},"tablet":{"background-color":"","background-image":"","background-repeat":"repeat","background-position":"center center","background-size":"auto","background-attachment":"scroll","background-type":"","background-media":"","overlay-type":"","overlay-color":"","overlay-opacity":"","overlay-gradient":""},"mobile":{"background-color":"","background-image":"","background-repeat":"repeat","background-position":"center center","background-size":"auto","background-attachment":"scroll","background-type":"","background-media":"","overlay-type":"","overlay-color":"","overlay-opacity":"","overlay-gradient":""}},"ast-content-background-meta":{"desktop":{"background-color":"var(--ast-global-color-5)","background-image":"","background-repeat":"repeat","background-position":"center center","background-size":"auto","background-attachment":"scroll","background-type":"","background-media":"","overlay-type":"","overlay-color":"","overlay-opacity":"","overlay-gradient":""},"tablet":{"background-color":"var(--ast-global-color-5)","background-image":"","background-repeat":"repeat","background-position":"center center","background-size":"auto","background-attachment":"scroll","background-type":"","background-media":"","overlay-type":"","overlay-color":"","overlay-opacity":"","overlay-gradient":""},"mobile":{"background-color":"var(--ast-global-color-5)","background-image":"","background-repeat":"repeat","background-position":"center center","background-size":"auto","background-attachment":"scroll","background-type":"","background-media":"","overlay-type":"","overlay-color":"","overlay-opacity":"","overlay-gradient":""}},"_themeisle_gutenberg_block_has_review":false,"footnotes":""},"categories":[9],"tags":[],"class_list":["post-6017","post","type-post","status-publish","format-standard","hentry","category-pp"],"_links":{"self":[{"href":"https:\/\/escoladigital.madeira.gov.pt\/ebsscruz\/wp-json\/wp\/v2\/posts\/6017","targetHints":{"allow":["GET"]}}],"collection":[{"href":"https:\/\/escoladigital.madeira.gov.pt\/ebsscruz\/wp-json\/wp\/v2\/posts"}],"about":[{"href":"https:\/\/escoladigital.madeira.gov.pt\/ebsscruz\/wp-json\/wp\/v2\/types\/post"}],"author":[{"embeddable":true,"href":"https:\/\/escoladigital.madeira.gov.pt\/ebsscruz\/wp-json\/wp\/v2\/users\/37"}],"replies":[{"embeddable":true,"href":"https:\/\/escoladigital.madeira.gov.pt\/ebsscruz\/wp-json\/wp\/v2\/comments?post=6017"}],"version-history":[{"count":1,"href":"https:\/\/escoladigital.madeira.gov.pt\/ebsscruz\/wp-json\/wp\/v2\/posts\/6017\/revisions"}],"predecessor-version":[{"id":6019,"href":"https:\/\/escoladigital.madeira.gov.pt\/ebsscruz\/wp-json\/wp\/v2\/posts\/6017\/revisions\/6019"}],"wp:attachment":[{"href":"https:\/\/escoladigital.madeira.gov.pt\/ebsscruz\/wp-json\/wp\/v2\/media?parent=6017"}],"wp:term":[{"taxonomy":"category","embeddable":true,"href":"https:\/\/escoladigital.madeira.gov.pt\/ebsscruz\/wp-json\/wp\/v2\/categories?post=6017"},{"taxonomy":"post_tag","embeddable":true,"href":"https:\/\/escoladigital.madeira.gov.pt\/ebsscruz\/wp-json\/wp\/v2\/tags?post=6017"}],"curies":[{"name":"wp","href":"https:\/\/api.w.org\/{rel}","templated":true}]}}