{"id":6020,"date":"2026-04-22T12:42:07","date_gmt":"2026-04-22T12:42:07","guid":{"rendered":"https:\/\/escoladigital.madeira.gov.pt\/ebsscruz\/?p=6020"},"modified":"2026-04-22T12:42:07","modified_gmt":"2026-04-22T12:42:07","slug":"sessao-sobre-jose-saramago-na-nossa-escola","status":"publish","type":"post","link":"https:\/\/escoladigital.madeira.gov.pt\/ebsscruz\/2026\/04\/22\/sessao-sobre-jose-saramago-na-nossa-escola\/","title":{"rendered":"Sess\u00e3o sobre Jos\u00e9 Saramago na nossa escola"},"content":{"rendered":"\n<p>Hoje tivemos a honra de receber na Escola B\u00e1sica e Secund\u00e1ria de Santa Cruz a Dr.\u00aa Violante Saramago Matos, filha do escritor Jos\u00e9 Saramago, numa sess\u00e3o muito especial dedicada \u00e0 sua vida e obra.<\/p>\n\n\n\n<p><img decoding=\"async\" height=\"16\" width=\"16\" alt=\"\u2728\" src=\"https:\/\/static.xx.fbcdn.net\/images\/emoji.php\/v9\/tf4\/1\/16\/2728.png\"> A atividade foi dinamizada pelas turmas 12.\u00ba C e 12.\u00ba B (L\u00ednguas e Humanidades), no \u00e2mbito das disciplinas de Portugu\u00eas (12.\u00ba C) e Hist\u00f3ria (12.\u00ba B e 12.\u00ba C), proporcionando um momento \u00fanico de reflex\u00e3o, partilha e aproxima\u00e7\u00e3o a um dos maiores nomes da literatura portuguesa.<\/p>\n\n\n\n<p><img decoding=\"async\" height=\"16\" width=\"16\" alt=\"\ud83c\udfb6\" src=\"https:\/\/static.xx.fbcdn.net\/images\/emoji.php\/v9\/t1f\/1\/16\/1f3b6.png\"> A sess\u00e3o contou ainda com a atua\u00e7\u00e3o do grupo coral da escola, sob orienta\u00e7\u00e3o da professora Elsa Cabrita, enriquecendo este encontro com momentos de grande sensibilidade.<\/p>\n\n\n\n<p><img decoding=\"async\" height=\"16\" width=\"16\" alt=\"\ud83d\udde3\ufe0f\" src=\"https:\/\/static.xx.fbcdn.net\/images\/emoji.php\/v9\/tfb\/1\/16\/1f5e3.png\"> Os alunos participaram ativamente, colocando quest\u00f5es pertinentes sobre literatura, hist\u00f3ria e o percurso de Saramago.<\/p>\n\n\n\n<p><img loading=\"lazy\" decoding=\"async\" height=\"16\" width=\"16\" alt=\"\ud83d\udcd6\" src=\"https:\/\/static.xx.fbcdn.net\/images\/emoji.php\/v9\/t9e\/1\/16\/1f4d6.png\"> Mensagem final: temos que ler e pensar.<\/p>\n\n\n\n<p><a href=\"https:\/\/www.facebook.com\/hashtag\/ebssc?__cft__[0]=AZZ-vFaqsVtotp6FOoAp9Jkwv2Ao9PyQjS8yjGOeRtf94T9wSRZBpreA5DNKexmi9FeptTQm0FKq9EsIzxhk2ot04fIdqyHJlq9L1ntbVr9l0EQtwImw8uAkvRd0RsM5SuBtTpzfLIYDppYYYbDojq5nTaq9kIA3ODgegge7IzD436oi3JjQmrcwMERw2PUZC-vKxb6t424xj3nl805Ee3v4&amp;__tn__=*NK-R\">#EBSSC<\/a><a href=\"https:\/\/www.facebook.com\/hashtag\/jos%C3%A9saramago?__cft__[0]=AZZ-vFaqsVtotp6FOoAp9Jkwv2Ao9PyQjS8yjGOeRtf94T9wSRZBpreA5DNKexmi9FeptTQm0FKq9EsIzxhk2ot04fIdqyHJlq9L1ntbVr9l0EQtwImw8uAkvRd0RsM5SuBtTpzfLIYDppYYYbDojq5nTaq9kIA3ODgegge7IzD436oi3JjQmrcwMERw2PUZC-vKxb6t424xj3nl805Ee3v4&amp;__tn__=*NK-R\">#Jos\u00e9Saramago<\/a><a href=\"https:\/\/www.facebook.com\/hashtag\/literatura?__cft__[0]=AZZ-vFaqsVtotp6FOoAp9Jkwv2Ao9PyQjS8yjGOeRtf94T9wSRZBpreA5DNKexmi9FeptTQm0FKq9EsIzxhk2ot04fIdqyHJlq9L1ntbVr9l0EQtwImw8uAkvRd0RsM5SuBtTpzfLIYDppYYYbDojq5nTaq9kIA3ODgegge7IzD436oi3JjQmrcwMERw2PUZC-vKxb6t424xj3nl805Ee3v4&amp;__tn__=*NK-R\">#Literatura<\/a><a href=\"https:\/\/www.facebook.com\/hashtag\/educa%C3%A7%C3%A3o?__cft__[0]=AZZ-vFaqsVtotp6FOoAp9Jkwv2Ao9PyQjS8yjGOeRtf94T9wSRZBpreA5DNKexmi9FeptTQm0FKq9EsIzxhk2ot04fIdqyHJlq9L1ntbVr9l0EQtwImw8uAkvRd0RsM5SuBtTpzfLIYDppYYYbDojq5nTaq9kIA3ODgegge7IzD436oi3JjQmrcwMERw2PUZC-vKxb6t424xj3nl805Ee3v4&amp;__tn__=*NK-R\">#Educa\u00e7\u00e3o<\/a><a href=\"https:\/\/www.facebook.com\/hashtag\/cultura?__cft__[0]=AZZ-vFaqsVtotp6FOoAp9Jkwv2Ao9PyQjS8yjGOeRtf94T9wSRZBpreA5DNKexmi9FeptTQm0FKq9EsIzxhk2ot04fIdqyHJlq9L1ntbVr9l0EQtwImw8uAkvRd0RsM5SuBtTpzfLIYDppYYYbDojq5nTaq9kIA3ODgegge7IzD436oi3JjQmrcwMERw2PUZC-vKxb6t424xj3nl805Ee3v4&amp;__tn__=*NK-R\">#Cultura<\/a><a href=\"https:\/\/www.facebook.com\/hashtag\/escola?__cft__[0]=AZZ-vFaqsVtotp6FOoAp9Jkwv2Ao9PyQjS8yjGOeRtf94T9wSRZBpreA5DNKexmi9FeptTQm0FKq9EsIzxhk2ot04fIdqyHJlq9L1ntbVr9l0EQtwImw8uAkvRd0RsM5SuBtTpzfLIYDppYYYbDojq5nTaq9kIA3ODgegge7IzD436oi3JjQmrcwMERw2PUZC-vKxb6t424xj3nl805Ee3v4&amp;__tn__=*NK-R\">#Escola<\/a><\/p>\n\n\n\n<figure class=\"wp-block-image aligncenter size-full\"><img loading=\"lazy\" decoding=\"async\" width=\"845\" height=\"752\" src=\"https:\/\/escoladigital.madeira.gov.pt\/ebsscruz\/wp-content\/uploads\/sites\/6\/2026\/04\/image-5.png\" alt=\"\" class=\"wp-image-6021\" srcset=\"https:\/\/escoladigital.madeira.gov.pt\/ebsscruz\/wp-content\/uploads\/sites\/6\/2026\/04\/image-5.png 845w, https:\/\/escoladigital.madeira.gov.pt\/ebsscruz\/wp-content\/uploads\/sites\/6\/2026\/04\/image-5-300x267.png 300w, https:\/\/escoladigital.madeira.gov.pt\/ebsscruz\/wp-content\/uploads\/sites\/6\/2026\/04\/image-5-768x683.png 768w\" sizes=\"(max-width: 845px) 100vw, 845px\" \/><\/figure>\n","protected":false},"excerpt":{"rendered":"<p>Hoje tivemos a honra de receber na Escola B\u00e1sica e Secund\u00e1ria de Santa Cruz a Dr.\u00aa Violante Saramago Matos, filha [&hellip;]<\/p>\n","protected":false},"author":37,"featured_media":0,"comment_status":"closed","ping_status":"closed","sticky":false,"template":"","format":"standard","meta":{"site-sidebar-layout":"default","site-content-layout":"","ast-site-content-layout":"default","site-content-style":"default","site-sidebar-style":"default","ast-global-header-display":"","ast-banner-title-visibility":"","ast-main-header-display":"","ast-hfb-above-header-display":"","ast-hfb-below-header-display":"","ast-hfb-mobile-header-display":"","site-post-title":"","ast-breadcrumbs-content":"","ast-featured-img":"","footer-sml-layout":"","ast-disable-related-posts":"","theme-transparent-header-meta":"","adv-header-id-meta":"","stick-header-meta":"","header-above-stick-meta":"","header-main-stick-meta":"","header-below-stick-meta":"","astra-migrate-meta-layouts":"default","ast-page-background-enabled":"default","ast-page-background-meta":{"desktop":{"background-color":"var(--ast-global-color-4)","background-image":"","background-repeat":"repeat","background-position":"center center","background-size":"auto","background-attachment":"scroll","background-type":"","background-media":"","overlay-type":"","overlay-color":"","overlay-opacity":"","overlay-gradient":""},"tablet":{"background-color":"","background-image":"","background-repeat":"repeat","background-position":"center center","background-size":"auto","background-attachment":"scroll","background-type":"","background-media":"","overlay-type":"","overlay-color":"","overlay-opacity":"","overlay-gradient":""},"mobile":{"background-color":"","background-image":"","background-repeat":"repeat","background-position":"center center","background-size":"auto","background-attachment":"scroll","background-type":"","background-media":"","overlay-type":"","overlay-color":"","overlay-opacity":"","overlay-gradient":""}},"ast-content-background-meta":{"desktop":{"background-color":"var(--ast-global-color-5)","background-image":"","background-repeat":"repeat","background-position":"center center","background-size":"auto","background-attachment":"scroll","background-type":"","background-media":"","overlay-type":"","overlay-color":"","overlay-opacity":"","overlay-gradient":""},"tablet":{"background-color":"var(--ast-global-color-5)","background-image":"","background-repeat":"repeat","background-position":"center center","background-size":"auto","background-attachment":"scroll","background-type":"","background-media":"","overlay-type":"","overlay-color":"","overlay-opacity":"","overlay-gradient":""},"mobile":{"background-color":"var(--ast-global-color-5)","background-image":"","background-repeat":"repeat","background-position":"center center","background-size":"auto","background-attachment":"scroll","background-type":"","background-media":"","overlay-type":"","overlay-color":"","overlay-opacity":"","overlay-gradient":""}},"_themeisle_gutenberg_block_has_review":false,"footnotes":""},"categories":[9],"tags":[],"class_list":["post-6020","post","type-post","status-publish","format-standard","hentry","category-pp"],"_links":{"self":[{"href":"https:\/\/escoladigital.madeira.gov.pt\/ebsscruz\/wp-json\/wp\/v2\/posts\/6020","targetHints":{"allow":["GET"]}}],"collection":[{"href":"https:\/\/escoladigital.madeira.gov.pt\/ebsscruz\/wp-json\/wp\/v2\/posts"}],"about":[{"href":"https:\/\/escoladigital.madeira.gov.pt\/ebsscruz\/wp-json\/wp\/v2\/types\/post"}],"author":[{"embeddable":true,"href":"https:\/\/escoladigital.madeira.gov.pt\/ebsscruz\/wp-json\/wp\/v2\/users\/37"}],"replies":[{"embeddable":true,"href":"https:\/\/escoladigital.madeira.gov.pt\/ebsscruz\/wp-json\/wp\/v2\/comments?post=6020"}],"version-history":[{"count":1,"href":"https:\/\/escoladigital.madeira.gov.pt\/ebsscruz\/wp-json\/wp\/v2\/posts\/6020\/revisions"}],"predecessor-version":[{"id":6022,"href":"https:\/\/escoladigital.madeira.gov.pt\/ebsscruz\/wp-json\/wp\/v2\/posts\/6020\/revisions\/6022"}],"wp:attachment":[{"href":"https:\/\/escoladigital.madeira.gov.pt\/ebsscruz\/wp-json\/wp\/v2\/media?parent=6020"}],"wp:term":[{"taxonomy":"category","embeddable":true,"href":"https:\/\/escoladigital.madeira.gov.pt\/ebsscruz\/wp-json\/wp\/v2\/categories?post=6020"},{"taxonomy":"post_tag","embeddable":true,"href":"https:\/\/escoladigital.madeira.gov.pt\/ebsscruz\/wp-json\/wp\/v2\/tags?post=6020"}],"curies":[{"name":"wp","href":"https:\/\/api.w.org\/{rel}","templated":true}]}}