{"id":6023,"date":"2026-04-22T12:54:06","date_gmt":"2026-04-22T12:54:06","guid":{"rendered":"https:\/\/escoladigital.madeira.gov.pt\/ebsscruz\/?p=6023"},"modified":"2026-04-22T12:54:06","modified_gmt":"2026-04-22T12:54:06","slug":"semana-da-orientacao-vocacional-2","status":"publish","type":"post","link":"https:\/\/escoladigital.madeira.gov.pt\/ebsscruz\/2026\/04\/22\/semana-da-orientacao-vocacional-2\/","title":{"rendered":"Semana da Orienta\u00e7\u00e3o Vocacional"},"content":{"rendered":"\n<p>Tamb\u00e9m no dia 14 de abril, a Escola B\u00e1sica e Secund\u00e1ria de Santa Cruz teve o privil\u00e9gio de receber a Dr.\u00aa Rita Cardoso, que dinamizou uma palestra sobre o trabalho desenvolvido pela Pol\u00edcia Judici\u00e1ria.<\/p>\n\n\n\n<p>Ao longo da sess\u00e3o, os alunos tiveram a oportunidade de conhecer mais de perto as fun\u00e7\u00f5es, desafios e responsabilidades desta importante institui\u00e7\u00e3o, bem como esclarecer d\u00favidas sobre o seu papel na investiga\u00e7\u00e3o criminal. <img decoding=\"async\" height=\"16\" width=\"16\" alt=\"\ud83d\udd75\ufe0f\u200d\u2642\ufe0f\" src=\"https:\/\/static.xx.fbcdn.net\/images\/emoji.php\/v9\/tdb\/1\/16\/1f575_200d_2642.png\"><\/p>\n\n\n\n<p>De forma clara, din\u00e2mica e envolvente, foram abordados temas que despertaram grande interesse e curiosidade por parte dos participantes.<\/p>\n\n\n\n<p>Esta iniciativa revelou-se extremamente enriquecedora, proporcionando um contacto direto com a realidade profissional, alargando horizontes e despertando voca\u00e7\u00f5es para o futuro. <img decoding=\"async\" height=\"16\" width=\"16\" alt=\"\ud83c\udf1f\" src=\"https:\/\/static.xx.fbcdn.net\/images\/emoji.php\/v9\/te0\/1\/16\/1f31f.png\"><\/p>\n\n\n\n<p><img decoding=\"async\" height=\"16\" width=\"16\" alt=\"\ud83d\udc4f\" src=\"https:\/\/static.xx.fbcdn.net\/images\/emoji.php\/v9\/tfe\/1\/16\/1f44f.png\"> Um agradecimento especial \u00e0 Dr.\u00aa Rita Cardoso pela sua disponibilidade e partilha inspiradora!<\/p>\n\n\n\n<p><a href=\"https:\/\/www.facebook.com\/hashtag\/orienta%C3%A7%C3%A3ovocacional?__cft__[0]=AZbTKbUasKKbkh8bdKvXax7420RLO3hRR244n5q3bTXjBanmN3MhpJlSIP16JUcomdsKgVnYD6eRZQh5PKnJCF3WhH7XeB0U1sjEHhB8bSbrHparNg20x8FHrKZP_KcAqFXE3QgyBqVOgzvU7ZQCpLQlPehWRZfeATouopHXjL2HfIJx8605yxu8ff_7EHCn0FM&amp;__tn__=*NK-R\">#Orienta\u00e7\u00e3oVocacional<\/a><a href=\"https:\/\/www.facebook.com\/hashtag\/pol%C3%ADciajudici%C3%A1ria?__cft__[0]=AZbTKbUasKKbkh8bdKvXax7420RLO3hRR244n5q3bTXjBanmN3MhpJlSIP16JUcomdsKgVnYD6eRZQh5PKnJCF3WhH7XeB0U1sjEHhB8bSbrHparNg20x8FHrKZP_KcAqFXE3QgyBqVOgzvU7ZQCpLQlPehWRZfeATouopHXjL2HfIJx8605yxu8ff_7EHCn0FM&amp;__tn__=*NK-R\">#Pol\u00edciaJudici\u00e1ria<\/a><a href=\"https:\/\/www.facebook.com\/hashtag\/futuro?__cft__[0]=AZbTKbUasKKbkh8bdKvXax7420RLO3hRR244n5q3bTXjBanmN3MhpJlSIP16JUcomdsKgVnYD6eRZQh5PKnJCF3WhH7XeB0U1sjEHhB8bSbrHparNg20x8FHrKZP_KcAqFXE3QgyBqVOgzvU7ZQCpLQlPehWRZfeATouopHXjL2HfIJx8605yxu8ff_7EHCn0FM&amp;__tn__=*NK-R\">#Futuro<\/a><a href=\"https:\/\/www.facebook.com\/hashtag\/educa%C3%A7%C3%A3o?__cft__[0]=AZbTKbUasKKbkh8bdKvXax7420RLO3hRR244n5q3bTXjBanmN3MhpJlSIP16JUcomdsKgVnYD6eRZQh5PKnJCF3WhH7XeB0U1sjEHhB8bSbrHparNg20x8FHrKZP_KcAqFXE3QgyBqVOgzvU7ZQCpLQlPehWRZfeATouopHXjL2HfIJx8605yxu8ff_7EHCn0FM&amp;__tn__=*NK-R\">#Educa\u00e7\u00e3o<\/a><a href=\"https:\/\/www.facebook.com\/hashtag\/eb?__cft__[0]=AZbTKbUasKKbkh8bdKvXax7420RLO3hRR244n5q3bTXjBanmN3MhpJlSIP16JUcomdsKgVnYD6eRZQh5PKnJCF3WhH7XeB0U1sjEHhB8bSbrHparNg20x8FHrKZP_KcAqFXE3QgyBqVOgzvU7ZQCpLQlPehWRZfeATouopHXjL2HfIJx8605yxu8ff_7EHCn0FM&amp;__tn__=*NK-R\">#EB<\/a><\/p>\n\n\n\n<figure class=\"wp-block-image aligncenter size-full\"><img loading=\"lazy\" decoding=\"async\" width=\"720\" height=\"540\" src=\"https:\/\/escoladigital.madeira.gov.pt\/ebsscruz\/wp-content\/uploads\/sites\/6\/2026\/04\/image-6.png\" alt=\"\" class=\"wp-image-6024\" srcset=\"https:\/\/escoladigital.madeira.gov.pt\/ebsscruz\/wp-content\/uploads\/sites\/6\/2026\/04\/image-6.png 720w, https:\/\/escoladigital.madeira.gov.pt\/ebsscruz\/wp-content\/uploads\/sites\/6\/2026\/04\/image-6-300x225.png 300w\" sizes=\"(max-width: 720px) 100vw, 720px\" \/><\/figure>\n","protected":false},"excerpt":{"rendered":"<p>Tamb\u00e9m no dia 14 de abril, a Escola B\u00e1sica e Secund\u00e1ria de Santa Cruz teve o privil\u00e9gio de receber a [&hellip;]<\/p>\n","protected":false},"author":37,"featured_media":0,"comment_status":"closed","ping_status":"closed","sticky":false,"template":"","format":"standard","meta":{"site-sidebar-layout":"default","site-content-layout":"","ast-site-content-layout":"default","site-content-style":"default","site-sidebar-style":"default","ast-global-header-display":"","ast-banner-title-visibility":"","ast-main-header-display":"","ast-hfb-above-header-display":"","ast-hfb-below-header-display":"","ast-hfb-mobile-header-display":"","site-post-title":"","ast-breadcrumbs-content":"","ast-featured-img":"","footer-sml-layout":"","ast-disable-related-posts":"","theme-transparent-header-meta":"","adv-header-id-meta":"","stick-header-meta":"","header-above-stick-meta":"","header-main-stick-meta":"","header-below-stick-meta":"","astra-migrate-meta-layouts":"default","ast-page-background-enabled":"default","ast-page-background-meta":{"desktop":{"background-color":"var(--ast-global-color-4)","background-image":"","background-repeat":"repeat","background-position":"center center","background-size":"auto","background-attachment":"scroll","background-type":"","background-media":"","overlay-type":"","overlay-color":"","overlay-opacity":"","overlay-gradient":""},"tablet":{"background-color":"","background-image":"","background-repeat":"repeat","background-position":"center center","background-size":"auto","background-attachment":"scroll","background-type":"","background-media":"","overlay-type":"","overlay-color":"","overlay-opacity":"","overlay-gradient":""},"mobile":{"background-color":"","background-image":"","background-repeat":"repeat","background-position":"center center","background-size":"auto","background-attachment":"scroll","background-type":"","background-media":"","overlay-type":"","overlay-color":"","overlay-opacity":"","overlay-gradient":""}},"ast-content-background-meta":{"desktop":{"background-color":"var(--ast-global-color-5)","background-image":"","background-repeat":"repeat","background-position":"center center","background-size":"auto","background-attachment":"scroll","background-type":"","background-media":"","overlay-type":"","overlay-color":"","overlay-opacity":"","overlay-gradient":""},"tablet":{"background-color":"var(--ast-global-color-5)","background-image":"","background-repeat":"repeat","background-position":"center center","background-size":"auto","background-attachment":"scroll","background-type":"","background-media":"","overlay-type":"","overlay-color":"","overlay-opacity":"","overlay-gradient":""},"mobile":{"background-color":"var(--ast-global-color-5)","background-image":"","background-repeat":"repeat","background-position":"center center","background-size":"auto","background-attachment":"scroll","background-type":"","background-media":"","overlay-type":"","overlay-color":"","overlay-opacity":"","overlay-gradient":""}},"_themeisle_gutenberg_block_has_review":false,"footnotes":""},"categories":[9],"tags":[],"class_list":["post-6023","post","type-post","status-publish","format-standard","hentry","category-pp"],"_links":{"self":[{"href":"https:\/\/escoladigital.madeira.gov.pt\/ebsscruz\/wp-json\/wp\/v2\/posts\/6023","targetHints":{"allow":["GET"]}}],"collection":[{"href":"https:\/\/escoladigital.madeira.gov.pt\/ebsscruz\/wp-json\/wp\/v2\/posts"}],"about":[{"href":"https:\/\/escoladigital.madeira.gov.pt\/ebsscruz\/wp-json\/wp\/v2\/types\/post"}],"author":[{"embeddable":true,"href":"https:\/\/escoladigital.madeira.gov.pt\/ebsscruz\/wp-json\/wp\/v2\/users\/37"}],"replies":[{"embeddable":true,"href":"https:\/\/escoladigital.madeira.gov.pt\/ebsscruz\/wp-json\/wp\/v2\/comments?post=6023"}],"version-history":[{"count":2,"href":"https:\/\/escoladigital.madeira.gov.pt\/ebsscruz\/wp-json\/wp\/v2\/posts\/6023\/revisions"}],"predecessor-version":[{"id":6028,"href":"https:\/\/escoladigital.madeira.gov.pt\/ebsscruz\/wp-json\/wp\/v2\/posts\/6023\/revisions\/6028"}],"wp:attachment":[{"href":"https:\/\/escoladigital.madeira.gov.pt\/ebsscruz\/wp-json\/wp\/v2\/media?parent=6023"}],"wp:term":[{"taxonomy":"category","embeddable":true,"href":"https:\/\/escoladigital.madeira.gov.pt\/ebsscruz\/wp-json\/wp\/v2\/categories?post=6023"},{"taxonomy":"post_tag","embeddable":true,"href":"https:\/\/escoladigital.madeira.gov.pt\/ebsscruz\/wp-json\/wp\/v2\/tags?post=6023"}],"curies":[{"name":"wp","href":"https:\/\/api.w.org\/{rel}","templated":true}]}}