{"id":6027,"date":"2026-04-22T13:08:32","date_gmt":"2026-04-22T13:08:32","guid":{"rendered":"https:\/\/escoladigital.madeira.gov.pt\/ebsscruz\/?p=6027"},"modified":"2026-04-22T13:08:32","modified_gmt":"2026-04-22T13:08:32","slug":"semana-da-orientacao-vocacional-3","status":"publish","type":"post","link":"https:\/\/escoladigital.madeira.gov.pt\/ebsscruz\/2026\/04\/22\/semana-da-orientacao-vocacional-3\/","title":{"rendered":"Semana da Orienta\u00e7\u00e3o Vocacional"},"content":{"rendered":"\n<p>No dia 16 de abril, os alunos do 9.\u00ba ano tiveram a oportunidade de explorar diferentes \u00e1reas profissionais, atrav\u00e9s de mesas de partilha que proporcionaram um contacto direto com diversas realidades do mundo do trabalho.<\/p>\n\n\n\n<p>A iniciativa contou com a participa\u00e7\u00e3o da Dr.\u00aa Rafaela Rodrigues (artes), da Dr.\u00aa Carolina Moniz (desporto) e da Dr.\u00aa Marisa Gon\u00e7alves (sa\u00fade), que, de forma pr\u00f3xima e inspiradora, deram a conhecer os desafios, percursos e particularidades das suas profiss\u00f5es. <img decoding=\"async\" height=\"16\" width=\"16\" alt=\"\ud83c\udfa8\" src=\"https:\/\/static.xx.fbcdn.net\/images\/emoji.php\/v9\/t82\/1\/16\/1f3a8.png\"><img decoding=\"async\" height=\"16\" width=\"16\" alt=\"\ud83c\udfc3\u200d\u2640\ufe0f\" src=\"https:\/\/static.xx.fbcdn.net\/images\/emoji.php\/v9\/ta9\/1\/16\/1f3c3_200d_2640.png\"><img decoding=\"async\" height=\"16\" width=\"16\" alt=\"\ud83e\ude7a\" src=\"https:\/\/static.xx.fbcdn.net\/images\/emoji.php\/v9\/tc3\/1\/16\/1fa7a.png\"><\/p>\n\n\n\n<p>Este momento revelou-se extremamente enriquecedor, permitindo aos alunos alargar horizontes, esclarecer d\u00favidas e refletir sobre poss\u00edveis caminhos futuros.<\/p>\n\n\n\n<p><img loading=\"lazy\" decoding=\"async\" height=\"16\" width=\"16\" alt=\"\ud83d\udc4f\" src=\"https:\/\/static.xx.fbcdn.net\/images\/emoji.php\/v9\/tfe\/1\/16\/1f44f.png\"> Um agradecimento especial \u00e0s oradoras pela sua disponibilidade, partilha e contributo fundamental para o sucesso desta atividade!<\/p>\n\n\n\n<p><a href=\"https:\/\/www.facebook.com\/hashtag\/orienta%C3%A7%C3%A3ovocacional?__cft__[0]=AZY2theznAmaOf2xEQJZwspydAn5V5BPE8JZFPsrTsjrAzXhu8797L80Z_4nlek1oXa9yEV8S1Rq1SBEdJZ2IxWI2YbWgchf1CGMI4--CX6ecylWxZzGberlpJhvfmyjWuIkS9bJo0n9Rbq-mnNmryR3DIVYG3LbM9Buo60de7Gvqsjx-oyaufL57wozqLUc5UU&amp;__tn__=*NK-R\">#Orienta\u00e7\u00e3oVocacional<\/a><a href=\"https:\/\/www.facebook.com\/hashtag\/futuro?__cft__[0]=AZY2theznAmaOf2xEQJZwspydAn5V5BPE8JZFPsrTsjrAzXhu8797L80Z_4nlek1oXa9yEV8S1Rq1SBEdJZ2IxWI2YbWgchf1CGMI4--CX6ecylWxZzGberlpJhvfmyjWuIkS9bJo0n9Rbq-mnNmryR3DIVYG3LbM9Buo60de7Gvqsjx-oyaufL57wozqLUc5UU&amp;__tn__=*NK-R\">#Futuro<\/a><a href=\"https:\/\/www.facebook.com\/hashtag\/inspira%C3%A7%C3%A3o?__cft__[0]=AZY2theznAmaOf2xEQJZwspydAn5V5BPE8JZFPsrTsjrAzXhu8797L80Z_4nlek1oXa9yEV8S1Rq1SBEdJZ2IxWI2YbWgchf1CGMI4--CX6ecylWxZzGberlpJhvfmyjWuIkS9bJo0n9Rbq-mnNmryR3DIVYG3LbM9Buo60de7Gvqsjx-oyaufL57wozqLUc5UU&amp;__tn__=*NK-R\">#Inspira\u00e7\u00e3o<\/a><a href=\"https:\/\/www.facebook.com\/hashtag\/educa%C3%A7%C3%A3o?__cft__[0]=AZY2theznAmaOf2xEQJZwspydAn5V5BPE8JZFPsrTsjrAzXhu8797L80Z_4nlek1oXa9yEV8S1Rq1SBEdJZ2IxWI2YbWgchf1CGMI4--CX6ecylWxZzGberlpJhvfmyjWuIkS9bJo0n9Rbq-mnNmryR3DIVYG3LbM9Buo60de7Gvqsjx-oyaufL57wozqLUc5UU&amp;__tn__=*NK-R\">#Educa\u00e7\u00e3o<\/a><a href=\"https:\/\/www.facebook.com\/hashtag\/ebs?__cft__[0]=AZY2theznAmaOf2xEQJZwspydAn5V5BPE8JZFPsrTsjrAzXhu8797L80Z_4nlek1oXa9yEV8S1Rq1SBEdJZ2IxWI2YbWgchf1CGMI4--CX6ecylWxZzGberlpJhvfmyjWuIkS9bJo0n9Rbq-mnNmryR3DIVYG3LbM9Buo60de7Gvqsjx-oyaufL57wozqLUc5UU&amp;__tn__=*NK-R\">#EBS<\/a><\/p>\n\n\n\n<figure class=\"wp-block-image aligncenter size-full\"><img loading=\"lazy\" decoding=\"async\" width=\"731\" height=\"615\" src=\"https:\/\/escoladigital.madeira.gov.pt\/ebsscruz\/wp-content\/uploads\/sites\/6\/2026\/04\/image-7.png\" alt=\"\" class=\"wp-image-6029\" srcset=\"https:\/\/escoladigital.madeira.gov.pt\/ebsscruz\/wp-content\/uploads\/sites\/6\/2026\/04\/image-7.png 731w, https:\/\/escoladigital.madeira.gov.pt\/ebsscruz\/wp-content\/uploads\/sites\/6\/2026\/04\/image-7-300x252.png 300w\" sizes=\"(max-width: 731px) 100vw, 731px\" \/><\/figure>\n","protected":false},"excerpt":{"rendered":"<p>No dia 16 de abril, os alunos do 9.\u00ba ano tiveram a oportunidade de explorar diferentes \u00e1reas profissionais, atrav\u00e9s de [&hellip;]<\/p>\n","protected":false},"author":37,"featured_media":0,"comment_status":"closed","ping_status":"closed","sticky":false,"template":"","format":"standard","meta":{"site-sidebar-layout":"default","site-content-layout":"","ast-site-content-layout":"default","site-content-style":"default","site-sidebar-style":"default","ast-global-header-display":"","ast-banner-title-visibility":"","ast-main-header-display":"","ast-hfb-above-header-display":"","ast-hfb-below-header-display":"","ast-hfb-mobile-header-display":"","site-post-title":"","ast-breadcrumbs-content":"","ast-featured-img":"","footer-sml-layout":"","ast-disable-related-posts":"","theme-transparent-header-meta":"","adv-header-id-meta":"","stick-header-meta":"","header-above-stick-meta":"","header-main-stick-meta":"","header-below-stick-meta":"","astra-migrate-meta-layouts":"default","ast-page-background-enabled":"default","ast-page-background-meta":{"desktop":{"background-color":"var(--ast-global-color-4)","background-image":"","background-repeat":"repeat","background-position":"center center","background-size":"auto","background-attachment":"scroll","background-type":"","background-media":"","overlay-type":"","overlay-color":"","overlay-opacity":"","overlay-gradient":""},"tablet":{"background-color":"","background-image":"","background-repeat":"repeat","background-position":"center center","background-size":"auto","background-attachment":"scroll","background-type":"","background-media":"","overlay-type":"","overlay-color":"","overlay-opacity":"","overlay-gradient":""},"mobile":{"background-color":"","background-image":"","background-repeat":"repeat","background-position":"center center","background-size":"auto","background-attachment":"scroll","background-type":"","background-media":"","overlay-type":"","overlay-color":"","overlay-opacity":"","overlay-gradient":""}},"ast-content-background-meta":{"desktop":{"background-color":"var(--ast-global-color-5)","background-image":"","background-repeat":"repeat","background-position":"center center","background-size":"auto","background-attachment":"scroll","background-type":"","background-media":"","overlay-type":"","overlay-color":"","overlay-opacity":"","overlay-gradient":""},"tablet":{"background-color":"var(--ast-global-color-5)","background-image":"","background-repeat":"repeat","background-position":"center center","background-size":"auto","background-attachment":"scroll","background-type":"","background-media":"","overlay-type":"","overlay-color":"","overlay-opacity":"","overlay-gradient":""},"mobile":{"background-color":"var(--ast-global-color-5)","background-image":"","background-repeat":"repeat","background-position":"center center","background-size":"auto","background-attachment":"scroll","background-type":"","background-media":"","overlay-type":"","overlay-color":"","overlay-opacity":"","overlay-gradient":""}},"_themeisle_gutenberg_block_has_review":false,"footnotes":""},"categories":[9],"tags":[],"class_list":["post-6027","post","type-post","status-publish","format-standard","hentry","category-pp"],"_links":{"self":[{"href":"https:\/\/escoladigital.madeira.gov.pt\/ebsscruz\/wp-json\/wp\/v2\/posts\/6027","targetHints":{"allow":["GET"]}}],"collection":[{"href":"https:\/\/escoladigital.madeira.gov.pt\/ebsscruz\/wp-json\/wp\/v2\/posts"}],"about":[{"href":"https:\/\/escoladigital.madeira.gov.pt\/ebsscruz\/wp-json\/wp\/v2\/types\/post"}],"author":[{"embeddable":true,"href":"https:\/\/escoladigital.madeira.gov.pt\/ebsscruz\/wp-json\/wp\/v2\/users\/37"}],"replies":[{"embeddable":true,"href":"https:\/\/escoladigital.madeira.gov.pt\/ebsscruz\/wp-json\/wp\/v2\/comments?post=6027"}],"version-history":[{"count":1,"href":"https:\/\/escoladigital.madeira.gov.pt\/ebsscruz\/wp-json\/wp\/v2\/posts\/6027\/revisions"}],"predecessor-version":[{"id":6030,"href":"https:\/\/escoladigital.madeira.gov.pt\/ebsscruz\/wp-json\/wp\/v2\/posts\/6027\/revisions\/6030"}],"wp:attachment":[{"href":"https:\/\/escoladigital.madeira.gov.pt\/ebsscruz\/wp-json\/wp\/v2\/media?parent=6027"}],"wp:term":[{"taxonomy":"category","embeddable":true,"href":"https:\/\/escoladigital.madeira.gov.pt\/ebsscruz\/wp-json\/wp\/v2\/categories?post=6027"},{"taxonomy":"post_tag","embeddable":true,"href":"https:\/\/escoladigital.madeira.gov.pt\/ebsscruz\/wp-json\/wp\/v2\/tags?post=6027"}],"curies":[{"name":"wp","href":"https:\/\/api.w.org\/{rel}","templated":true}]}}