{"id":6031,"date":"2026-04-22T13:11:52","date_gmt":"2026-04-22T13:11:52","guid":{"rendered":"https:\/\/escoladigital.madeira.gov.pt\/ebsscruz\/?p=6031"},"modified":"2026-04-22T13:11:52","modified_gmt":"2026-04-22T13:11:52","slug":"semana-da-orientacao-vocacional-4","status":"publish","type":"post","link":"https:\/\/escoladigital.madeira.gov.pt\/ebsscruz\/2026\/04\/22\/semana-da-orientacao-vocacional-4\/","title":{"rendered":"Semana da Orienta\u00e7\u00e3o Vocacional"},"content":{"rendered":"\n<p>No dia 15 de abril, a Escola B\u00e1sica e Secund\u00e1ria de Santa Cruz promoveu uma palestra dirigida aos alunos do 9.\u00ba ano, dedicada ao tema da transi\u00e7\u00e3o para o ensino secund\u00e1rio.<\/p>\n\n\n\n<p>A sess\u00e3o foi dinamizada pela Dr.\u00aa Carla Costa, do Gabinete do Ensino Superior, que apresentou de forma clara os diferentes percursos dispon\u00edveis, nomeadamente os cursos cient\u00edfico-human\u00edsticos e os cursos profissionais. <img decoding=\"async\" height=\"16\" width=\"16\" alt=\"\ud83d\udcda\" src=\"https:\/\/static.xx.fbcdn.net\/images\/emoji.php\/v9\/t49\/1\/16\/1f4da.png\"><\/p>\n\n\n\n<p>Ao longo da palestra, os alunos puderam compreender melhor as caracter\u00edsticas e exig\u00eancias de cada percurso, refletindo sobre as op\u00e7\u00f5es mais adequadas ao seu futuro.<\/p>\n\n\n\n<p>Foi tamb\u00e9m destacada a import\u00e2ncia da cria\u00e7\u00e3o de m\u00e9todos de estudo consistentes e da ado\u00e7\u00e3o de h\u00e1bitos de trabalho di\u00e1rio \u2014 fundamentais para o sucesso nesta nova etapa, que exige maior autonomia, organiza\u00e7\u00e3o e dedica\u00e7\u00e3o. <img decoding=\"async\" height=\"16\" width=\"16\" alt=\"\u270d\ufe0f\" src=\"https:\/\/static.xx.fbcdn.net\/images\/emoji.php\/v9\/te2\/1\/16\/270d.png\"><\/p>\n\n\n\n<p>Esta iniciativa contribuiu para uma reflex\u00e3o mais consciente e informada, apoiando os alunos na tomada de decis\u00f5es sobre o seu percurso escolar. <img decoding=\"async\" height=\"16\" width=\"16\" alt=\"\ud83c\udf31\" src=\"https:\/\/static.xx.fbcdn.net\/images\/emoji.php\/v9\/t69\/1\/16\/1f331.png\"><\/p>\n\n\n\n<p><img loading=\"lazy\" decoding=\"async\" height=\"16\" width=\"16\" alt=\"\ud83d\udc4f\" src=\"https:\/\/static.xx.fbcdn.net\/images\/emoji.php\/v9\/tfe\/1\/16\/1f44f.png\"> Um agradecimento especial \u00e0 Dr.\u00aa Carla Costa pela sua disponibilidade e contributo!<\/p>\n\n\n\n<p><a href=\"https:\/\/www.facebook.com\/hashtag\/orienta%C3%A7%C3%A3ovocacional?__cft__[0]=AZbDEuJGb2uzuWCMzwMnw5vw_UwEDjeXk6Rr5jx963QDD9WI43d8nyZMudHtsg940cs5nfYrJcumf55Znr1nYksh4EsTeJeusk-WodkcdahWnZndaBG8IWPM4jAuNXjObaKrfe1nsjVNkc2hCwbBMEXdS4tMkyCFtLGesHDRvXa_OHvuZuuI-TxfbfOA3QVVvVI&amp;__tn__=*NK-R\">#Orienta\u00e7\u00e3oVocacional<\/a><a href=\"https:\/\/www.facebook.com\/hashtag\/ensinosecund%C3%A1rio?__cft__[0]=AZbDEuJGb2uzuWCMzwMnw5vw_UwEDjeXk6Rr5jx963QDD9WI43d8nyZMudHtsg940cs5nfYrJcumf55Znr1nYksh4EsTeJeusk-WodkcdahWnZndaBG8IWPM4jAuNXjObaKrfe1nsjVNkc2hCwbBMEXdS4tMkyCFtLGesHDRvXa_OHvuZuuI-TxfbfOA3QVVvVI&amp;__tn__=*NK-R\">#EnsinoSecund\u00e1rio<\/a><a href=\"https:\/\/www.facebook.com\/hashtag\/futuro?__cft__[0]=AZbDEuJGb2uzuWCMzwMnw5vw_UwEDjeXk6Rr5jx963QDD9WI43d8nyZMudHtsg940cs5nfYrJcumf55Znr1nYksh4EsTeJeusk-WodkcdahWnZndaBG8IWPM4jAuNXjObaKrfe1nsjVNkc2hCwbBMEXdS4tMkyCFtLGesHDRvXa_OHvuZuuI-TxfbfOA3QVVvVI&amp;__tn__=*NK-R\">#Futuro<\/a><a href=\"https:\/\/www.facebook.com\/hashtag\/educa%C3%A7%C3%A3o?__cft__[0]=AZbDEuJGb2uzuWCMzwMnw5vw_UwEDjeXk6Rr5jx963QDD9WI43d8nyZMudHtsg940cs5nfYrJcumf55Znr1nYksh4EsTeJeusk-WodkcdahWnZndaBG8IWPM4jAuNXjObaKrfe1nsjVNkc2hCwbBMEXdS4tMkyCFtLGesHDRvXa_OHvuZuuI-TxfbfOA3QVVvVI&amp;__tn__=*NK-R\">#Educa\u00e7\u00e3o<\/a><a href=\"https:\/\/www.facebook.com\/hashtag\/ebssc?__cft__[0]=AZbDEuJGb2uzuWCMzwMnw5vw_UwEDjeXk6Rr5jx963QDD9WI43d8nyZMudHtsg940cs5nfYrJcumf55Znr1nYksh4EsTeJeusk-WodkcdahWnZndaBG8IWPM4jAuNXjObaKrfe1nsjVNkc2hCwbBMEXdS4tMkyCFtLGesHDRvXa_OHvuZuuI-TxfbfOA3QVVvVI&amp;__tn__=*NK-R\">#EBSSC<\/a><\/p>\n\n\n\n<figure class=\"wp-block-image aligncenter size-full\"><img loading=\"lazy\" decoding=\"async\" width=\"720\" height=\"540\" src=\"https:\/\/escoladigital.madeira.gov.pt\/ebsscruz\/wp-content\/uploads\/sites\/6\/2026\/04\/image-8.png\" alt=\"\" class=\"wp-image-6032\" srcset=\"https:\/\/escoladigital.madeira.gov.pt\/ebsscruz\/wp-content\/uploads\/sites\/6\/2026\/04\/image-8.png 720w, https:\/\/escoladigital.madeira.gov.pt\/ebsscruz\/wp-content\/uploads\/sites\/6\/2026\/04\/image-8-300x225.png 300w\" sizes=\"(max-width: 720px) 100vw, 720px\" \/><\/figure>\n","protected":false},"excerpt":{"rendered":"<p>No dia 15 de abril, a Escola B\u00e1sica e Secund\u00e1ria de Santa Cruz promoveu uma palestra dirigida aos alunos do [&hellip;]<\/p>\n","protected":false},"author":37,"featured_media":0,"comment_status":"closed","ping_status":"closed","sticky":false,"template":"","format":"standard","meta":{"site-sidebar-layout":"default","site-content-layout":"","ast-site-content-layout":"default","site-content-style":"default","site-sidebar-style":"default","ast-global-header-display":"","ast-banner-title-visibility":"","ast-main-header-display":"","ast-hfb-above-header-display":"","ast-hfb-below-header-display":"","ast-hfb-mobile-header-display":"","site-post-title":"","ast-breadcrumbs-content":"","ast-featured-img":"","footer-sml-layout":"","ast-disable-related-posts":"","theme-transparent-header-meta":"","adv-header-id-meta":"","stick-header-meta":"","header-above-stick-meta":"","header-main-stick-meta":"","header-below-stick-meta":"","astra-migrate-meta-layouts":"default","ast-page-background-enabled":"default","ast-page-background-meta":{"desktop":{"background-color":"var(--ast-global-color-4)","background-image":"","background-repeat":"repeat","background-position":"center center","background-size":"auto","background-attachment":"scroll","background-type":"","background-media":"","overlay-type":"","overlay-color":"","overlay-opacity":"","overlay-gradient":""},"tablet":{"background-color":"","background-image":"","background-repeat":"repeat","background-position":"center center","background-size":"auto","background-attachment":"scroll","background-type":"","background-media":"","overlay-type":"","overlay-color":"","overlay-opacity":"","overlay-gradient":""},"mobile":{"background-color":"","background-image":"","background-repeat":"repeat","background-position":"center center","background-size":"auto","background-attachment":"scroll","background-type":"","background-media":"","overlay-type":"","overlay-color":"","overlay-opacity":"","overlay-gradient":""}},"ast-content-background-meta":{"desktop":{"background-color":"var(--ast-global-color-5)","background-image":"","background-repeat":"repeat","background-position":"center center","background-size":"auto","background-attachment":"scroll","background-type":"","background-media":"","overlay-type":"","overlay-color":"","overlay-opacity":"","overlay-gradient":""},"tablet":{"background-color":"var(--ast-global-color-5)","background-image":"","background-repeat":"repeat","background-position":"center center","background-size":"auto","background-attachment":"scroll","background-type":"","background-media":"","overlay-type":"","overlay-color":"","overlay-opacity":"","overlay-gradient":""},"mobile":{"background-color":"var(--ast-global-color-5)","background-image":"","background-repeat":"repeat","background-position":"center center","background-size":"auto","background-attachment":"scroll","background-type":"","background-media":"","overlay-type":"","overlay-color":"","overlay-opacity":"","overlay-gradient":""}},"_themeisle_gutenberg_block_has_review":false,"footnotes":""},"categories":[9],"tags":[],"class_list":["post-6031","post","type-post","status-publish","format-standard","hentry","category-pp"],"_links":{"self":[{"href":"https:\/\/escoladigital.madeira.gov.pt\/ebsscruz\/wp-json\/wp\/v2\/posts\/6031","targetHints":{"allow":["GET"]}}],"collection":[{"href":"https:\/\/escoladigital.madeira.gov.pt\/ebsscruz\/wp-json\/wp\/v2\/posts"}],"about":[{"href":"https:\/\/escoladigital.madeira.gov.pt\/ebsscruz\/wp-json\/wp\/v2\/types\/post"}],"author":[{"embeddable":true,"href":"https:\/\/escoladigital.madeira.gov.pt\/ebsscruz\/wp-json\/wp\/v2\/users\/37"}],"replies":[{"embeddable":true,"href":"https:\/\/escoladigital.madeira.gov.pt\/ebsscruz\/wp-json\/wp\/v2\/comments?post=6031"}],"version-history":[{"count":1,"href":"https:\/\/escoladigital.madeira.gov.pt\/ebsscruz\/wp-json\/wp\/v2\/posts\/6031\/revisions"}],"predecessor-version":[{"id":6033,"href":"https:\/\/escoladigital.madeira.gov.pt\/ebsscruz\/wp-json\/wp\/v2\/posts\/6031\/revisions\/6033"}],"wp:attachment":[{"href":"https:\/\/escoladigital.madeira.gov.pt\/ebsscruz\/wp-json\/wp\/v2\/media?parent=6031"}],"wp:term":[{"taxonomy":"category","embeddable":true,"href":"https:\/\/escoladigital.madeira.gov.pt\/ebsscruz\/wp-json\/wp\/v2\/categories?post=6031"},{"taxonomy":"post_tag","embeddable":true,"href":"https:\/\/escoladigital.madeira.gov.pt\/ebsscruz\/wp-json\/wp\/v2\/tags?post=6031"}],"curies":[{"name":"wp","href":"https:\/\/api.w.org\/{rel}","templated":true}]}}