{"id":6035,"date":"2026-04-21T20:24:34","date_gmt":"2026-04-21T20:24:34","guid":{"rendered":"https:\/\/escoladigital.madeira.gov.pt\/ebsscruz\/?p=6035"},"modified":"2026-04-22T20:25:45","modified_gmt":"2026-04-22T20:25:45","slug":"feira-vocacional-2026","status":"publish","type":"post","link":"https:\/\/escoladigital.madeira.gov.pt\/ebsscruz\/2026\/04\/21\/feira-vocacional-2026\/","title":{"rendered":"Feira Vocacional 2026"},"content":{"rendered":"\n<p>No passado dia 21 de abril, a Escola B\u00e1sica e Secund\u00e1ria de Santa Cruz marcou presen\u00e7a na Feira Vocacional 2026, um evento dinamizado pelos Servi\u00e7os de Psicologia e Orienta\u00e7\u00e3o das escolas do concelho.<\/p>\n\n\n\n<p>Foi com enorme entusiasmo que abra\u00e7\u00e1mos esta oportunidade para dar a conhecer, de forma pr\u00f3xima e din\u00e2mica, a nossa oferta formativa e as experi\u00eancias enriquecedoras que fazem parte do dia a dia dos nossos alunos.<\/p>\n\n\n\n<p><img decoding=\"async\" height=\"16\" width=\"16\" alt=\"\u2728\" src=\"https:\/\/static.xx.fbcdn.net\/images\/emoji.php\/v9\/tf4\/1\/16\/2728.png\"> Entre partilhas, conversas e momentos interativos, procur\u00e1mos inspirar os jovens participantes a:<\/p>\n\n\n\n<p><img decoding=\"async\" height=\"16\" width=\"16\" alt=\"\u2714\ufe0f\" src=\"https:\/\/static.xx.fbcdn.net\/images\/emoji.php\/v9\/t51\/1\/16\/2714.png\"> Explorar novos caminhos<\/p>\n\n\n\n<p><img decoding=\"async\" height=\"16\" width=\"16\" alt=\"\u2714\ufe0f\" src=\"https:\/\/static.xx.fbcdn.net\/images\/emoji.php\/v9\/t51\/1\/16\/2714.png\"> Descobrir talentos<\/p>\n\n\n\n<p><img decoding=\"async\" height=\"16\" width=\"16\" alt=\"\u2714\ufe0f\" src=\"https:\/\/static.xx.fbcdn.net\/images\/emoji.php\/v9\/t51\/1\/16\/2714.png\"> Pensar no futuro com confian\u00e7a<\/p>\n\n\n\n<p>Mais do que apresentar cursos, lev\u00e1mos connosco a ess\u00eancia da nossa escola:<\/p>\n\n\n\n<p><img decoding=\"async\" height=\"16\" width=\"16\" alt=\"\ud83d\udc99\" src=\"https:\/\/static.xx.fbcdn.net\/images\/emoji.php\/v9\/t6c\/1\/16\/1f499.png\"> Um espa\u00e7o de crescimento<\/p>\n\n\n\n<p><img loading=\"lazy\" decoding=\"async\" height=\"16\" width=\"16\" alt=\"\ud83d\udca1\" src=\"https:\/\/static.xx.fbcdn.net\/images\/emoji.php\/v9\/t3c\/1\/16\/1f4a1.png\"> Um lugar de descoberta<\/p>\n\n\n\n<p><img loading=\"lazy\" decoding=\"async\" height=\"16\" width=\"16\" alt=\"\ud83d\ude80\" src=\"https:\/\/static.xx.fbcdn.net\/images\/emoji.php\/v9\/tc6\/1\/16\/1f680.png\"> Um ponto de partida para a constru\u00e7\u00e3o de sonhos<\/p>\n\n\n\n<p>Obrigado a todos os que nos visitaram!<\/p>\n\n\n\n<p><a href=\"https:\/\/www.facebook.com\/hashtag\/ebssc?__cft__[0]=AZaRJ5Z9IN4uSUzP2RMSXnILcmiP_Aa0gjp4i9gi0TszSYAN49SldketVgRwzTD1PMpwpLiwRtafY4ZLxNbB17OyAou8bOWgY9lziH7EFWfPL15TSmQr5HczZO8TtkZcGnxrysKx1ls-Yk6T9c3mB-lXbetManZ9y6WMCCkmMbk4ITbBYdmkIIVmEXXYeYXwErs&amp;__tn__=*NK-R\">#EBSSC<\/a><a href=\"https:\/\/www.facebook.com\/hashtag\/feiravocacional2026?__cft__[0]=AZaRJ5Z9IN4uSUzP2RMSXnILcmiP_Aa0gjp4i9gi0TszSYAN49SldketVgRwzTD1PMpwpLiwRtafY4ZLxNbB17OyAou8bOWgY9lziH7EFWfPL15TSmQr5HczZO8TtkZcGnxrysKx1ls-Yk6T9c3mB-lXbetManZ9y6WMCCkmMbk4ITbBYdmkIIVmEXXYeYXwErs&amp;__tn__=*NK-R\">#FeiraVocacional2026<\/a><a href=\"https:\/\/www.facebook.com\/hashtag\/futuro?__cft__[0]=AZaRJ5Z9IN4uSUzP2RMSXnILcmiP_Aa0gjp4i9gi0TszSYAN49SldketVgRwzTD1PMpwpLiwRtafY4ZLxNbB17OyAou8bOWgY9lziH7EFWfPL15TSmQr5HczZO8TtkZcGnxrysKx1ls-Yk6T9c3mB-lXbetManZ9y6WMCCkmMbk4ITbBYdmkIIVmEXXYeYXwErs&amp;__tn__=*NK-R\">#Futuro<\/a><a href=\"https:\/\/www.facebook.com\/hashtag\/educa%C3%A7%C3%A3o?__cft__[0]=AZaRJ5Z9IN4uSUzP2RMSXnILcmiP_Aa0gjp4i9gi0TszSYAN49SldketVgRwzTD1PMpwpLiwRtafY4ZLxNbB17OyAou8bOWgY9lziH7EFWfPL15TSmQr5HczZO8TtkZcGnxrysKx1ls-Yk6T9c3mB-lXbetManZ9y6WMCCkmMbk4ITbBYdmkIIVmEXXYeYXwErs&amp;__tn__=*NK-R\">#Educa\u00e7\u00e3o<\/a><a href=\"https:\/\/www.facebook.com\/hashtag\/santacruz?__cft__[0]=AZaRJ5Z9IN4uSUzP2RMSXnILcmiP_Aa0gjp4i9gi0TszSYAN49SldketVgRwzTD1PMpwpLiwRtafY4ZLxNbB17OyAou8bOWgY9lziH7EFWfPL15TSmQr5HczZO8TtkZcGnxrysKx1ls-Yk6T9c3mB-lXbetManZ9y6WMCCkmMbk4ITbBYdmkIIVmEXXYeYXwErs&amp;__tn__=*NK-R\">#SantaCruz<\/a><a href=\"https:\/\/www.facebook.com\/hashtag\/orienta%C3%A7%C3%A3ovocacional?__cft__[0]=AZaRJ5Z9IN4uSUzP2RMSXnILcmiP_Aa0gjp4i9gi0TszSYAN49SldketVgRwzTD1PMpwpLiwRtafY4ZLxNbB17OyAou8bOWgY9lziH7EFWfPL15TSmQr5HczZO8TtkZcGnxrysKx1ls-Yk6T9c3mB-lXbetManZ9y6WMCCkmMbk4ITbBYdmkIIVmEXXYeYXwErs&amp;__tn__=*NK-R\">#Orienta\u00e7\u00e3oVocacional<\/a><\/p>\n\n\n\n<figure class=\"wp-block-image aligncenter size-full\"><img loading=\"lazy\" decoding=\"async\" width=\"736\" height=\"363\" src=\"https:\/\/escoladigital.madeira.gov.pt\/ebsscruz\/wp-content\/uploads\/sites\/6\/2026\/04\/image-9.png\" alt=\"\" class=\"wp-image-6036\" srcset=\"https:\/\/escoladigital.madeira.gov.pt\/ebsscruz\/wp-content\/uploads\/sites\/6\/2026\/04\/image-9.png 736w, https:\/\/escoladigital.madeira.gov.pt\/ebsscruz\/wp-content\/uploads\/sites\/6\/2026\/04\/image-9-300x148.png 300w\" sizes=\"(max-width: 736px) 100vw, 736px\" \/><\/figure>\n","protected":false},"excerpt":{"rendered":"<p>No passado dia 21 de abril, a Escola B\u00e1sica e Secund\u00e1ria de Santa Cruz marcou presen\u00e7a na Feira Vocacional 2026, [&hellip;]<\/p>\n","protected":false},"author":37,"featured_media":0,"comment_status":"closed","ping_status":"closed","sticky":false,"template":"","format":"standard","meta":{"site-sidebar-layout":"default","site-content-layout":"","ast-site-content-layout":"default","site-content-style":"default","site-sidebar-style":"default","ast-global-header-display":"","ast-banner-title-visibility":"","ast-main-header-display":"","ast-hfb-above-header-display":"","ast-hfb-below-header-display":"","ast-hfb-mobile-header-display":"","site-post-title":"","ast-breadcrumbs-content":"","ast-featured-img":"","footer-sml-layout":"","ast-disable-related-posts":"","theme-transparent-header-meta":"","adv-header-id-meta":"","stick-header-meta":"","header-above-stick-meta":"","header-main-stick-meta":"","header-below-stick-meta":"","astra-migrate-meta-layouts":"default","ast-page-background-enabled":"default","ast-page-background-meta":{"desktop":{"background-color":"var(--ast-global-color-4)","background-image":"","background-repeat":"repeat","background-position":"center center","background-size":"auto","background-attachment":"scroll","background-type":"","background-media":"","overlay-type":"","overlay-color":"","overlay-opacity":"","overlay-gradient":""},"tablet":{"background-color":"","background-image":"","background-repeat":"repeat","background-position":"center center","background-size":"auto","background-attachment":"scroll","background-type":"","background-media":"","overlay-type":"","overlay-color":"","overlay-opacity":"","overlay-gradient":""},"mobile":{"background-color":"","background-image":"","background-repeat":"repeat","background-position":"center center","background-size":"auto","background-attachment":"scroll","background-type":"","background-media":"","overlay-type":"","overlay-color":"","overlay-opacity":"","overlay-gradient":""}},"ast-content-background-meta":{"desktop":{"background-color":"var(--ast-global-color-5)","background-image":"","background-repeat":"repeat","background-position":"center center","background-size":"auto","background-attachment":"scroll","background-type":"","background-media":"","overlay-type":"","overlay-color":"","overlay-opacity":"","overlay-gradient":""},"tablet":{"background-color":"var(--ast-global-color-5)","background-image":"","background-repeat":"repeat","background-position":"center center","background-size":"auto","background-attachment":"scroll","background-type":"","background-media":"","overlay-type":"","overlay-color":"","overlay-opacity":"","overlay-gradient":""},"mobile":{"background-color":"var(--ast-global-color-5)","background-image":"","background-repeat":"repeat","background-position":"center center","background-size":"auto","background-attachment":"scroll","background-type":"","background-media":"","overlay-type":"","overlay-color":"","overlay-opacity":"","overlay-gradient":""}},"_themeisle_gutenberg_block_has_review":false,"footnotes":""},"categories":[9],"tags":[],"class_list":["post-6035","post","type-post","status-publish","format-standard","hentry","category-pp"],"_links":{"self":[{"href":"https:\/\/escoladigital.madeira.gov.pt\/ebsscruz\/wp-json\/wp\/v2\/posts\/6035","targetHints":{"allow":["GET"]}}],"collection":[{"href":"https:\/\/escoladigital.madeira.gov.pt\/ebsscruz\/wp-json\/wp\/v2\/posts"}],"about":[{"href":"https:\/\/escoladigital.madeira.gov.pt\/ebsscruz\/wp-json\/wp\/v2\/types\/post"}],"author":[{"embeddable":true,"href":"https:\/\/escoladigital.madeira.gov.pt\/ebsscruz\/wp-json\/wp\/v2\/users\/37"}],"replies":[{"embeddable":true,"href":"https:\/\/escoladigital.madeira.gov.pt\/ebsscruz\/wp-json\/wp\/v2\/comments?post=6035"}],"version-history":[{"count":1,"href":"https:\/\/escoladigital.madeira.gov.pt\/ebsscruz\/wp-json\/wp\/v2\/posts\/6035\/revisions"}],"predecessor-version":[{"id":6037,"href":"https:\/\/escoladigital.madeira.gov.pt\/ebsscruz\/wp-json\/wp\/v2\/posts\/6035\/revisions\/6037"}],"wp:attachment":[{"href":"https:\/\/escoladigital.madeira.gov.pt\/ebsscruz\/wp-json\/wp\/v2\/media?parent=6035"}],"wp:term":[{"taxonomy":"category","embeddable":true,"href":"https:\/\/escoladigital.madeira.gov.pt\/ebsscruz\/wp-json\/wp\/v2\/categories?post=6035"},{"taxonomy":"post_tag","embeddable":true,"href":"https:\/\/escoladigital.madeira.gov.pt\/ebsscruz\/wp-json\/wp\/v2\/tags?post=6035"}],"curies":[{"name":"wp","href":"https:\/\/api.w.org\/{rel}","templated":true}]}}