{"id":6064,"date":"2026-04-24T17:25:54","date_gmt":"2026-04-24T17:25:54","guid":{"rendered":"https:\/\/escoladigital.madeira.gov.pt\/ebsscruz\/?p=6064"},"modified":"2026-04-24T17:25:54","modified_gmt":"2026-04-24T17:25:54","slug":"dia-internacional-da-matematica-na-ebssc","status":"publish","type":"post","link":"https:\/\/escoladigital.madeira.gov.pt\/ebsscruz\/2026\/04\/24\/dia-internacional-da-matematica-na-ebssc\/","title":{"rendered":"Dia Internacional da Matem\u00e1tica na EBSSC"},"content":{"rendered":"\n<p>No \u00e2mbito da celebra\u00e7\u00e3o do Dia Internacional da Matem\u00e1tica, subordinado ao tema \u201cMatem\u00e1tica e Esperan\u00e7a\u201d, foi desenvolvido um conjunto de atividades na Escola B\u00e1sica e Secund\u00e1ria de Santa Cruz que envolveram toda a comunidade educativa. <img decoding=\"async\" height=\"16\" width=\"16\" alt=\"\ud83d\udcd0\" src=\"https:\/\/static.xx.fbcdn.net\/images\/emoji.php\/v9\/t98\/1\/16\/1f4d0.png\"><img decoding=\"async\" height=\"16\" width=\"16\" alt=\"\u2728\" src=\"https:\/\/static.xx.fbcdn.net\/images\/emoji.php\/v9\/tf4\/1\/16\/2728.png\"><\/p>\n\n\n\n<p>O texto, redigido pelo aluno Guilherme Ferreira, d\u00e1 voz ao trabalho realizado por todos os participantes, descrevendo uma experi\u00eancia onde a Matem\u00e1tica se aliou \u00e0 criatividade e \u00e0 descoberta.<\/p>\n\n\n\n<p>Ao longo das atividades, os alunos:<\/p>\n\n\n\n<p><img decoding=\"async\" height=\"16\" width=\"16\" alt=\"\ud83c\udfa8\" src=\"https:\/\/static.xx.fbcdn.net\/images\/emoji.php\/v9\/t82\/1\/16\/1f3a8.png\"> Exploraram formas geom\u00e9tricas, simetrias e padr\u00f5es atrav\u00e9s da constru\u00e7\u00e3o de \u201cespanta-esp\u00edritos\u201d<\/p>\n\n\n\n<p><img loading=\"lazy\" decoding=\"async\" height=\"16\" width=\"16\" alt=\"\ud83e\udde0\" src=\"https:\/\/static.xx.fbcdn.net\/images\/emoji.php\/v9\/t7c\/1\/16\/1f9e0.png\"> Participaram em jogos matem\u00e1ticos que estimularam o racioc\u00ednio l\u00f3gico e a resolu\u00e7\u00e3o de problemas<\/p>\n\n\n\n<p><img loading=\"lazy\" decoding=\"async\" height=\"16\" width=\"16\" alt=\"\ud83c\udf00\" src=\"https:\/\/static.xx.fbcdn.net\/images\/emoji.php\/v9\/tb\/1\/16\/1f300.png\"> Desenvolveram a criatividade e a concentra\u00e7\u00e3o com a pintura de mandalas<\/p>\n\n\n\n<p>Estas iniciativas permitiram vivenciar a Matem\u00e1tica de forma din\u00e2mica e inspiradora, refor\u00e7ando a sua presen\u00e7a no quotidiano e o seu papel na compreens\u00e3o do mundo.<\/p>\n\n\n\n<p>Este trabalho reflete o envolvimento e a dedica\u00e7\u00e3o de alunos, professores e encarregados de educa\u00e7\u00e3o, que contribu\u00edram para tornar esta celebra\u00e7\u00e3o significativa e enriquecedora para todos.<\/p>\n\n\n\n<p><img loading=\"lazy\" decoding=\"async\" height=\"16\" width=\"16\" alt=\"\ud83d\udc4f\" src=\"https:\/\/static.xx.fbcdn.net\/images\/emoji.php\/v9\/tfe\/1\/16\/1f44f.png\"> Parab\u00e9ns a todos os envolvidos!<\/p>\n\n\n\n<p><a href=\"https:\/\/www.facebook.com\/hashtag\/ebssc?__cft__[0]=AZZtAUj-GyJv3RwZvoFa-LpaprPb7NZuRypEXKJM5yONfHKwOeQAlxv0GYsEAntZcT3mO5-ygLNEBGIFg-ZRnJMSzqfm_IRI7OVa_0cow1snQfxIB_iC1Sd1TGhnZkiG8_RaVnlztkcf1i1DzzcB_tsA8g4D-FlhOeUbRXFT6yGpYrmcWpISO6BYXp_ogKz5Vw8&amp;__tn__=*NK-R\">#EBSSC<\/a><a href=\"https:\/\/www.facebook.com\/hashtag\/matem%C3%A1tica?__cft__[0]=AZZtAUj-GyJv3RwZvoFa-LpaprPb7NZuRypEXKJM5yONfHKwOeQAlxv0GYsEAntZcT3mO5-ygLNEBGIFg-ZRnJMSzqfm_IRI7OVa_0cow1snQfxIB_iC1Sd1TGhnZkiG8_RaVnlztkcf1i1DzzcB_tsA8g4D-FlhOeUbRXFT6yGpYrmcWpISO6BYXp_ogKz5Vw8&amp;__tn__=*NK-R\">#Matem\u00e1tica<\/a><a href=\"https:\/\/www.facebook.com\/hashtag\/diainternacionaldamatem%C3%A1tica?__cft__[0]=AZZtAUj-GyJv3RwZvoFa-LpaprPb7NZuRypEXKJM5yONfHKwOeQAlxv0GYsEAntZcT3mO5-ygLNEBGIFg-ZRnJMSzqfm_IRI7OVa_0cow1snQfxIB_iC1Sd1TGhnZkiG8_RaVnlztkcf1i1DzzcB_tsA8g4D-FlhOeUbRXFT6yGpYrmcWpISO6BYXp_ogKz5Vw8&amp;__tn__=*NK-R\">#DiaInternacionalDaMatem\u00e1tica<\/a><a href=\"https:\/\/www.facebook.com\/hashtag\/criatividade?__cft__[0]=AZZtAUj-GyJv3RwZvoFa-LpaprPb7NZuRypEXKJM5yONfHKwOeQAlxv0GYsEAntZcT3mO5-ygLNEBGIFg-ZRnJMSzqfm_IRI7OVa_0cow1snQfxIB_iC1Sd1TGhnZkiG8_RaVnlztkcf1i1DzzcB_tsA8g4D-FlhOeUbRXFT6yGpYrmcWpISO6BYXp_ogKz5Vw8&amp;__tn__=*NK-R\">#Criatividade<\/a><a href=\"https:\/\/www.facebook.com\/hashtag\/aprendizado?__cft__[0]=AZZtAUj-GyJv3RwZvoFa-LpaprPb7NZuRypEXKJM5yONfHKwOeQAlxv0GYsEAntZcT3mO5-ygLNEBGIFg-ZRnJMSzqfm_IRI7OVa_0cow1snQfxIB_iC1Sd1TGhnZkiG8_RaVnlztkcf1i1DzzcB_tsA8g4D-FlhOeUbRXFT6yGpYrmcWpISO6BYXp_ogKz5Vw8&amp;__tn__=*NK-R\">#Aprendizado<\/a><a href=\"https:\/\/www.facebook.com\/hashtag\/comunidadeeducativa?__cft__[0]=AZZtAUj-GyJv3RwZvoFa-LpaprPb7NZuRypEXKJM5yONfHKwOeQAlxv0GYsEAntZcT3mO5-ygLNEBGIFg-ZRnJMSzqfm_IRI7OVa_0cow1snQfxIB_iC1Sd1TGhnZkiG8_RaVnlztkcf1i1DzzcB_tsA8g4D-FlhOeUbRXFT6yGpYrmcWpISO6BYXp_ogKz5Vw8&amp;__tn__=*NK-R\">#ComunidadeEducativa<\/a><\/p>\n\n\n\n<figure class=\"wp-block-image aligncenter size-full\"><img loading=\"lazy\" decoding=\"async\" width=\"526\" height=\"936\" src=\"https:\/\/escoladigital.madeira.gov.pt\/ebsscruz\/wp-content\/uploads\/sites\/6\/2026\/04\/image-10.png\" alt=\"\" class=\"wp-image-6065\" srcset=\"https:\/\/escoladigital.madeira.gov.pt\/ebsscruz\/wp-content\/uploads\/sites\/6\/2026\/04\/image-10.png 526w, https:\/\/escoladigital.madeira.gov.pt\/ebsscruz\/wp-content\/uploads\/sites\/6\/2026\/04\/image-10-169x300.png 169w\" sizes=\"(max-width: 526px) 100vw, 526px\" \/><\/figure>\n","protected":false},"excerpt":{"rendered":"<p>No \u00e2mbito da celebra\u00e7\u00e3o do Dia Internacional da Matem\u00e1tica, subordinado ao tema \u201cMatem\u00e1tica e Esperan\u00e7a\u201d, foi desenvolvido um conjunto de [&hellip;]<\/p>\n","protected":false},"author":37,"featured_media":0,"comment_status":"closed","ping_status":"closed","sticky":false,"template":"","format":"standard","meta":{"site-sidebar-layout":"default","site-content-layout":"","ast-site-content-layout":"default","site-content-style":"default","site-sidebar-style":"default","ast-global-header-display":"","ast-banner-title-visibility":"","ast-main-header-display":"","ast-hfb-above-header-display":"","ast-hfb-below-header-display":"","ast-hfb-mobile-header-display":"","site-post-title":"","ast-breadcrumbs-content":"","ast-featured-img":"","footer-sml-layout":"","ast-disable-related-posts":"","theme-transparent-header-meta":"","adv-header-id-meta":"","stick-header-meta":"","header-above-stick-meta":"","header-main-stick-meta":"","header-below-stick-meta":"","astra-migrate-meta-layouts":"default","ast-page-background-enabled":"default","ast-page-background-meta":{"desktop":{"background-color":"var(--ast-global-color-4)","background-image":"","background-repeat":"repeat","background-position":"center center","background-size":"auto","background-attachment":"scroll","background-type":"","background-media":"","overlay-type":"","overlay-color":"","overlay-opacity":"","overlay-gradient":""},"tablet":{"background-color":"","background-image":"","background-repeat":"repeat","background-position":"center center","background-size":"auto","background-attachment":"scroll","background-type":"","background-media":"","overlay-type":"","overlay-color":"","overlay-opacity":"","overlay-gradient":""},"mobile":{"background-color":"","background-image":"","background-repeat":"repeat","background-position":"center center","background-size":"auto","background-attachment":"scroll","background-type":"","background-media":"","overlay-type":"","overlay-color":"","overlay-opacity":"","overlay-gradient":""}},"ast-content-background-meta":{"desktop":{"background-color":"var(--ast-global-color-5)","background-image":"","background-repeat":"repeat","background-position":"center center","background-size":"auto","background-attachment":"scroll","background-type":"","background-media":"","overlay-type":"","overlay-color":"","overlay-opacity":"","overlay-gradient":""},"tablet":{"background-color":"var(--ast-global-color-5)","background-image":"","background-repeat":"repeat","background-position":"center center","background-size":"auto","background-attachment":"scroll","background-type":"","background-media":"","overlay-type":"","overlay-color":"","overlay-opacity":"","overlay-gradient":""},"mobile":{"background-color":"var(--ast-global-color-5)","background-image":"","background-repeat":"repeat","background-position":"center center","background-size":"auto","background-attachment":"scroll","background-type":"","background-media":"","overlay-type":"","overlay-color":"","overlay-opacity":"","overlay-gradient":""}},"_themeisle_gutenberg_block_has_review":false,"footnotes":""},"categories":[9],"tags":[],"class_list":["post-6064","post","type-post","status-publish","format-standard","hentry","category-pp"],"_links":{"self":[{"href":"https:\/\/escoladigital.madeira.gov.pt\/ebsscruz\/wp-json\/wp\/v2\/posts\/6064","targetHints":{"allow":["GET"]}}],"collection":[{"href":"https:\/\/escoladigital.madeira.gov.pt\/ebsscruz\/wp-json\/wp\/v2\/posts"}],"about":[{"href":"https:\/\/escoladigital.madeira.gov.pt\/ebsscruz\/wp-json\/wp\/v2\/types\/post"}],"author":[{"embeddable":true,"href":"https:\/\/escoladigital.madeira.gov.pt\/ebsscruz\/wp-json\/wp\/v2\/users\/37"}],"replies":[{"embeddable":true,"href":"https:\/\/escoladigital.madeira.gov.pt\/ebsscruz\/wp-json\/wp\/v2\/comments?post=6064"}],"version-history":[{"count":1,"href":"https:\/\/escoladigital.madeira.gov.pt\/ebsscruz\/wp-json\/wp\/v2\/posts\/6064\/revisions"}],"predecessor-version":[{"id":6066,"href":"https:\/\/escoladigital.madeira.gov.pt\/ebsscruz\/wp-json\/wp\/v2\/posts\/6064\/revisions\/6066"}],"wp:attachment":[{"href":"https:\/\/escoladigital.madeira.gov.pt\/ebsscruz\/wp-json\/wp\/v2\/media?parent=6064"}],"wp:term":[{"taxonomy":"category","embeddable":true,"href":"https:\/\/escoladigital.madeira.gov.pt\/ebsscruz\/wp-json\/wp\/v2\/categories?post=6064"},{"taxonomy":"post_tag","embeddable":true,"href":"https:\/\/escoladigital.madeira.gov.pt\/ebsscruz\/wp-json\/wp\/v2\/tags?post=6064"}],"curies":[{"name":"wp","href":"https:\/\/api.w.org\/{rel}","templated":true}]}}