{"id":6076,"date":"2026-04-25T20:36:27","date_gmt":"2026-04-25T20:36:27","guid":{"rendered":"https:\/\/escoladigital.madeira.gov.pt\/ebsscruz\/?p=6076"},"modified":"2026-04-25T20:47:56","modified_gmt":"2026-04-25T20:47:56","slug":"%f0%9f%8e%b6-atuacao-do-grupo-instrumental","status":"publish","type":"post","link":"https:\/\/escoladigital.madeira.gov.pt\/ebsscruz\/2026\/04\/25\/%f0%9f%8e%b6-atuacao-do-grupo-instrumental\/","title":{"rendered":"\ud83c\udfb6 Atua\u00e7\u00e3o do Grupo Instrumental"},"content":{"rendered":"\n<p>No \u00e2mbito das comemora\u00e7\u00f5es do 28.\u00ba anivers\u00e1rio da Escola B\u00e1sica e Secund\u00e1ria de Santa Cruz, decorreu ontem uma pequena atua\u00e7\u00e3o da Modalidade Art\u00edstica Instrumental. Na parte da manh\u00e3, os alunos atuaram na escola e, na parte da tarde, participaram no XIX Festival de Vozes, no sal\u00e3o paroquial de Santa Cruz. A presta\u00e7\u00e3o dos alunos foi excelente, tendo demonstrado grande dedica\u00e7\u00e3o e brilhantismo ao longo das suas atua\u00e7\u00f5es.<\/p>\n\n\n\n<p><a href=\"https:\/\/livemadeiraedu-my.sharepoint.com\/personal\/eliafreitas_edu_madeira_gov_pt\/_layouts\/15\/stream.aspx?id=%2Fpersonal%2Feliafreitas%5Fedu%5Fmadeira%5Fgov%5Fpt%2FDocuments%2FV%C3%ADdeos%2FClipchamp%2FAtua%C3%A7%C3%A3o%5FGI%5F28EBSSC%2FExports%2FAtua%C3%A7%C3%A3o%5FGI%5F28EBSSC%2Emp4&amp;referrer=StreamWebApp%2EWeb&amp;referrerScenario=AddressBarCopied%2Eview%2E3f5d4b58%2D1609%2D4079%2Da179%2D2f1c1ad8123c\">https:\/\/livemadeiraedu-my.sharepoint.com\/personal\/eliafreitas_edu_madeira_gov_pt\/_layouts\/15\/stream.aspx?id=%2Fpersonal%2Feliafreitas%5Fedu%5Fmadeira%5Fgov%5Fpt%2FDocuments%2FV%C3%ADdeos%2FClipchamp%2FAtua%C3%A7%C3%A3o%5FGI%5F28EBSSC%2FExports%2FAtua%C3%A7%C3%A3o%5FGI%5F28EBSSC%2Emp4&amp;referrer=StreamWebApp%2EWeb&amp;referrerScenario=AddressBarCopied%2Eview%2E3f5d4b58%2D1609%2D4079%2Da179%2D2f1c1ad8123c<\/a><\/p>\n\n\n\n<p><\/p>\n","protected":false},"excerpt":{"rendered":"<p>No \u00e2mbito das comemora\u00e7\u00f5es do 28.\u00ba anivers\u00e1rio da Escola B\u00e1sica e Secund\u00e1ria de Santa Cruz, decorreu ontem uma pequena atua\u00e7\u00e3o [&hellip;]<\/p>\n","protected":false},"author":37,"featured_media":0,"comment_status":"closed","ping_status":"closed","sticky":false,"template":"","format":"standard","meta":{"site-sidebar-layout":"default","site-content-layout":"","ast-site-content-layout":"default","site-content-style":"default","site-sidebar-style":"default","ast-global-header-display":"","ast-banner-title-visibility":"","ast-main-header-display":"","ast-hfb-above-header-display":"","ast-hfb-below-header-display":"","ast-hfb-mobile-header-display":"","site-post-title":"","ast-breadcrumbs-content":"","ast-featured-img":"","footer-sml-layout":"","ast-disable-related-posts":"","theme-transparent-header-meta":"","adv-header-id-meta":"","stick-header-meta":"","header-above-stick-meta":"","header-main-stick-meta":"","header-below-stick-meta":"","astra-migrate-meta-layouts":"default","ast-page-background-enabled":"default","ast-page-background-meta":{"desktop":{"background-color":"var(--ast-global-color-4)","background-image":"","background-repeat":"repeat","background-position":"center center","background-size":"auto","background-attachment":"scroll","background-type":"","background-media":"","overlay-type":"","overlay-color":"","overlay-opacity":"","overlay-gradient":""},"tablet":{"background-color":"","background-image":"","background-repeat":"repeat","background-position":"center center","background-size":"auto","background-attachment":"scroll","background-type":"","background-media":"","overlay-type":"","overlay-color":"","overlay-opacity":"","overlay-gradient":""},"mobile":{"background-color":"","background-image":"","background-repeat":"repeat","background-position":"center center","background-size":"auto","background-attachment":"scroll","background-type":"","background-media":"","overlay-type":"","overlay-color":"","overlay-opacity":"","overlay-gradient":""}},"ast-content-background-meta":{"desktop":{"background-color":"var(--ast-global-color-5)","background-image":"","background-repeat":"repeat","background-position":"center center","background-size":"auto","background-attachment":"scroll","background-type":"","background-media":"","overlay-type":"","overlay-color":"","overlay-opacity":"","overlay-gradient":""},"tablet":{"background-color":"var(--ast-global-color-5)","background-image":"","background-repeat":"repeat","background-position":"center center","background-size":"auto","background-attachment":"scroll","background-type":"","background-media":"","overlay-type":"","overlay-color":"","overlay-opacity":"","overlay-gradient":""},"mobile":{"background-color":"var(--ast-global-color-5)","background-image":"","background-repeat":"repeat","background-position":"center center","background-size":"auto","background-attachment":"scroll","background-type":"","background-media":"","overlay-type":"","overlay-color":"","overlay-opacity":"","overlay-gradient":""}},"_themeisle_gutenberg_block_has_review":false,"footnotes":""},"categories":[9],"tags":[],"class_list":["post-6076","post","type-post","status-publish","format-standard","hentry","category-pp"],"_links":{"self":[{"href":"https:\/\/escoladigital.madeira.gov.pt\/ebsscruz\/wp-json\/wp\/v2\/posts\/6076","targetHints":{"allow":["GET"]}}],"collection":[{"href":"https:\/\/escoladigital.madeira.gov.pt\/ebsscruz\/wp-json\/wp\/v2\/posts"}],"about":[{"href":"https:\/\/escoladigital.madeira.gov.pt\/ebsscruz\/wp-json\/wp\/v2\/types\/post"}],"author":[{"embeddable":true,"href":"https:\/\/escoladigital.madeira.gov.pt\/ebsscruz\/wp-json\/wp\/v2\/users\/37"}],"replies":[{"embeddable":true,"href":"https:\/\/escoladigital.madeira.gov.pt\/ebsscruz\/wp-json\/wp\/v2\/comments?post=6076"}],"version-history":[{"count":4,"href":"https:\/\/escoladigital.madeira.gov.pt\/ebsscruz\/wp-json\/wp\/v2\/posts\/6076\/revisions"}],"predecessor-version":[{"id":6080,"href":"https:\/\/escoladigital.madeira.gov.pt\/ebsscruz\/wp-json\/wp\/v2\/posts\/6076\/revisions\/6080"}],"wp:attachment":[{"href":"https:\/\/escoladigital.madeira.gov.pt\/ebsscruz\/wp-json\/wp\/v2\/media?parent=6076"}],"wp:term":[{"taxonomy":"category","embeddable":true,"href":"https:\/\/escoladigital.madeira.gov.pt\/ebsscruz\/wp-json\/wp\/v2\/categories?post=6076"},{"taxonomy":"post_tag","embeddable":true,"href":"https:\/\/escoladigital.madeira.gov.pt\/ebsscruz\/wp-json\/wp\/v2\/tags?post=6076"}],"curies":[{"name":"wp","href":"https:\/\/api.w.org\/{rel}","templated":true}]}}