{"id":6087,"date":"2026-04-29T12:36:33","date_gmt":"2026-04-29T12:36:33","guid":{"rendered":"https:\/\/escoladigital.madeira.gov.pt\/ebsscruz\/?p=6087"},"modified":"2026-04-29T12:36:33","modified_gmt":"2026-04-29T12:36:33","slug":"iv-encontro-regional-escola-azul","status":"publish","type":"post","link":"https:\/\/escoladigital.madeira.gov.pt\/ebsscruz\/2026\/04\/29\/iv-encontro-regional-escola-azul\/","title":{"rendered":"IV Encontro Regional Escola Azul"},"content":{"rendered":"\n<p>A Escola B\u00e1sica e Secund\u00e1ria de Santa Cruz teve a honra de ver os seus Embaixadores Escola Azul, Maria In\u00eas e Guilherme, assumirem o papel de apresentadores do IV Encontro Regional Escola Azul, um evento dedicado \u00e0 Literacia do Oceano e \u00e0 valoriza\u00e7\u00e3o do papel do mar na nossa identidade madeirense. <img decoding=\"async\" height=\"16\" width=\"16\" alt=\"\ud83c\udf0a\" src=\"https:\/\/static.xx.fbcdn.net\/images\/emoji.php\/v9\/tbc\/1\/16\/1f30a.png\"><\/p>\n\n\n\n<p>Com responsabilidade, simpatia e grande entusiasmo, os nossos alunos conduziram os diferentes momentos do encontro, representando a escola de forma exemplar e demonstrando o compromisso da comunidade escolar com a prote\u00e7\u00e3o e valoriza\u00e7\u00e3o do oceano.<\/p>\n\n\n\n<p>Endere\u00e7amos um agradecimento muito especial \u00e0 Coordenadora Regional da Escola Azul, Sandra Brito, por esta magn\u00edfica oportunidade, que permitiu aos nossos alunos viver uma experi\u00eancia enriquecedora e participar ativamente num evento regional t\u00e3o importante.<\/p>\n\n\n\n<p>Parab\u00e9ns \u00e0 Maria In\u00eas e ao Guilherme pelo excelente desempenho! <img decoding=\"async\" height=\"16\" width=\"16\" alt=\"\ud83d\udc4f\" src=\"https:\/\/static.xx.fbcdn.net\/images\/emoji.php\/v9\/tfe\/1\/16\/1f44f.png\"><img decoding=\"async\" height=\"16\" width=\"16\" alt=\"\ud83d\udc99\" src=\"https:\/\/static.xx.fbcdn.net\/images\/emoji.php\/v9\/t6c\/1\/16\/1f499.png\"><\/p>\n\n\n\n<p><a href=\"https:\/\/www.facebook.com\/hashtag\/escolaazul?__cft__[0]=AZZ9PL_ENqlr4XR6lqa_3peQg-YAPT1MzoHrXvRsQ9HJbFVAGr2usjhsDEGPhqboAB1N05siPVCC8tS9_Dpxi5uGXytjhMLcQKaIwvjOEiE4kS9-5YKajsfS9mUCJDH7Gaa4MvtdmXt-NaB_NCt5rvHl5sB6saIexhMJVdH6ckmnUQ&amp;__tn__=*NK-R\">#EscolaAzul<\/a><a href=\"https:\/\/www.facebook.com\/hashtag\/literaciadooceano?__cft__[0]=AZZ9PL_ENqlr4XR6lqa_3peQg-YAPT1MzoHrXvRsQ9HJbFVAGr2usjhsDEGPhqboAB1N05siPVCC8tS9_Dpxi5uGXytjhMLcQKaIwvjOEiE4kS9-5YKajsfS9mUCJDH7Gaa4MvtdmXt-NaB_NCt5rvHl5sB6saIexhMJVdH6ckmnUQ&amp;__tn__=*NK-R\">#LiteraciaDoOceano<\/a><a href=\"https:\/\/www.facebook.com\/hashtag\/ebssantacruz?__cft__[0]=AZZ9PL_ENqlr4XR6lqa_3peQg-YAPT1MzoHrXvRsQ9HJbFVAGr2usjhsDEGPhqboAB1N05siPVCC8tS9_Dpxi5uGXytjhMLcQKaIwvjOEiE4kS9-5YKajsfS9mUCJDH7Gaa4MvtdmXt-NaB_NCt5rvHl5sB6saIexhMJVdH6ckmnUQ&amp;__tn__=*NK-R\">#EBSSantaCruz<\/a><a href=\"https:\/\/www.facebook.com\/hashtag\/embaixadoresescolaazul?__cft__[0]=AZZ9PL_ENqlr4XR6lqa_3peQg-YAPT1MzoHrXvRsQ9HJbFVAGr2usjhsDEGPhqboAB1N05siPVCC8tS9_Dpxi5uGXytjhMLcQKaIwvjOEiE4kS9-5YKajsfS9mUCJDH7Gaa4MvtdmXt-NaB_NCt5rvHl5sB6saIexhMJVdH6ckmnUQ&amp;__tn__=*NK-R\">#EmbaixadoresEscolaAzul<\/a><a href=\"https:\/\/www.facebook.com\/hashtag\/oceano?__cft__[0]=AZZ9PL_ENqlr4XR6lqa_3peQg-YAPT1MzoHrXvRsQ9HJbFVAGr2usjhsDEGPhqboAB1N05siPVCC8tS9_Dpxi5uGXytjhMLcQKaIwvjOEiE4kS9-5YKajsfS9mUCJDH7Gaa4MvtdmXt-NaB_NCt5rvHl5sB6saIexhMJVdH6ckmnUQ&amp;__tn__=*NK-R\">#Oceano<\/a><a href=\"https:\/\/www.facebook.com\/hashtag\/madeira?__cft__[0]=AZZ9PL_ENqlr4XR6lqa_3peQg-YAPT1MzoHrXvRsQ9HJbFVAGr2usjhsDEGPhqboAB1N05siPVCC8tS9_Dpxi5uGXytjhMLcQKaIwvjOEiE4kS9-5YKajsfS9mUCJDH7Gaa4MvtdmXt-NaB_NCt5rvHl5sB6saIexhMJVdH6ckmnUQ&amp;__tn__=*NK-R\">#Madeira<\/a><a href=\"https:\/\/www.facebook.com\/hashtag\/educa%C3%A7%C3%A3oambiental?__cft__[0]=AZZ9PL_ENqlr4XR6lqa_3peQg-YAPT1MzoHrXvRsQ9HJbFVAGr2usjhsDEGPhqboAB1N05siPVCC8tS9_Dpxi5uGXytjhMLcQKaIwvjOEiE4kS9-5YKajsfS9mUCJDH7Gaa4MvtdmXt-NaB_NCt5rvHl5sB6saIexhMJVdH6ckmnUQ&amp;__tn__=*NK-R\">#Educa\u00e7\u00e3oAmbiental<\/a><a href=\"https:\/\/www.facebook.com\/hashtag\/orgulhonanossaescola?__cft__[0]=AZZ9PL_ENqlr4XR6lqa_3peQg-YAPT1MzoHrXvRsQ9HJbFVAGr2usjhsDEGPhqboAB1N05siPVCC8tS9_Dpxi5uGXytjhMLcQKaIwvjOEiE4kS9-5YKajsfS9mUCJDH7Gaa4MvtdmXt-NaB_NCt5rvHl5sB6saIexhMJVdH6ckmnUQ&amp;__tn__=*NK-R\">#OrgulhoNaNossaEscola<\/a><\/p>\n\n\n\n<figure class=\"wp-block-image aligncenter size-full\"><img loading=\"lazy\" decoding=\"async\" width=\"734\" height=\"654\" src=\"https:\/\/escoladigital.madeira.gov.pt\/ebsscruz\/wp-content\/uploads\/sites\/6\/2026\/04\/image-14.png\" alt=\"\" class=\"wp-image-6088\" srcset=\"https:\/\/escoladigital.madeira.gov.pt\/ebsscruz\/wp-content\/uploads\/sites\/6\/2026\/04\/image-14.png 734w, https:\/\/escoladigital.madeira.gov.pt\/ebsscruz\/wp-content\/uploads\/sites\/6\/2026\/04\/image-14-300x267.png 300w\" sizes=\"(max-width: 734px) 100vw, 734px\" \/><\/figure>\n","protected":false},"excerpt":{"rendered":"<p>A Escola B\u00e1sica e Secund\u00e1ria de Santa Cruz teve a honra de ver os seus Embaixadores Escola Azul, Maria In\u00eas [&hellip;]<\/p>\n","protected":false},"author":37,"featured_media":0,"comment_status":"closed","ping_status":"closed","sticky":false,"template":"","format":"standard","meta":{"site-sidebar-layout":"default","site-content-layout":"","ast-site-content-layout":"default","site-content-style":"default","site-sidebar-style":"default","ast-global-header-display":"","ast-banner-title-visibility":"","ast-main-header-display":"","ast-hfb-above-header-display":"","ast-hfb-below-header-display":"","ast-hfb-mobile-header-display":"","site-post-title":"","ast-breadcrumbs-content":"","ast-featured-img":"","footer-sml-layout":"","ast-disable-related-posts":"","theme-transparent-header-meta":"","adv-header-id-meta":"","stick-header-meta":"","header-above-stick-meta":"","header-main-stick-meta":"","header-below-stick-meta":"","astra-migrate-meta-layouts":"default","ast-page-background-enabled":"default","ast-page-background-meta":{"desktop":{"background-color":"var(--ast-global-color-4)","background-image":"","background-repeat":"repeat","background-position":"center center","background-size":"auto","background-attachment":"scroll","background-type":"","background-media":"","overlay-type":"","overlay-color":"","overlay-opacity":"","overlay-gradient":""},"tablet":{"background-color":"","background-image":"","background-repeat":"repeat","background-position":"center center","background-size":"auto","background-attachment":"scroll","background-type":"","background-media":"","overlay-type":"","overlay-color":"","overlay-opacity":"","overlay-gradient":""},"mobile":{"background-color":"","background-image":"","background-repeat":"repeat","background-position":"center center","background-size":"auto","background-attachment":"scroll","background-type":"","background-media":"","overlay-type":"","overlay-color":"","overlay-opacity":"","overlay-gradient":""}},"ast-content-background-meta":{"desktop":{"background-color":"var(--ast-global-color-5)","background-image":"","background-repeat":"repeat","background-position":"center center","background-size":"auto","background-attachment":"scroll","background-type":"","background-media":"","overlay-type":"","overlay-color":"","overlay-opacity":"","overlay-gradient":""},"tablet":{"background-color":"var(--ast-global-color-5)","background-image":"","background-repeat":"repeat","background-position":"center center","background-size":"auto","background-attachment":"scroll","background-type":"","background-media":"","overlay-type":"","overlay-color":"","overlay-opacity":"","overlay-gradient":""},"mobile":{"background-color":"var(--ast-global-color-5)","background-image":"","background-repeat":"repeat","background-position":"center center","background-size":"auto","background-attachment":"scroll","background-type":"","background-media":"","overlay-type":"","overlay-color":"","overlay-opacity":"","overlay-gradient":""}},"_themeisle_gutenberg_block_has_review":false,"footnotes":""},"categories":[9],"tags":[],"class_list":["post-6087","post","type-post","status-publish","format-standard","hentry","category-pp"],"_links":{"self":[{"href":"https:\/\/escoladigital.madeira.gov.pt\/ebsscruz\/wp-json\/wp\/v2\/posts\/6087","targetHints":{"allow":["GET"]}}],"collection":[{"href":"https:\/\/escoladigital.madeira.gov.pt\/ebsscruz\/wp-json\/wp\/v2\/posts"}],"about":[{"href":"https:\/\/escoladigital.madeira.gov.pt\/ebsscruz\/wp-json\/wp\/v2\/types\/post"}],"author":[{"embeddable":true,"href":"https:\/\/escoladigital.madeira.gov.pt\/ebsscruz\/wp-json\/wp\/v2\/users\/37"}],"replies":[{"embeddable":true,"href":"https:\/\/escoladigital.madeira.gov.pt\/ebsscruz\/wp-json\/wp\/v2\/comments?post=6087"}],"version-history":[{"count":1,"href":"https:\/\/escoladigital.madeira.gov.pt\/ebsscruz\/wp-json\/wp\/v2\/posts\/6087\/revisions"}],"predecessor-version":[{"id":6089,"href":"https:\/\/escoladigital.madeira.gov.pt\/ebsscruz\/wp-json\/wp\/v2\/posts\/6087\/revisions\/6089"}],"wp:attachment":[{"href":"https:\/\/escoladigital.madeira.gov.pt\/ebsscruz\/wp-json\/wp\/v2\/media?parent=6087"}],"wp:term":[{"taxonomy":"category","embeddable":true,"href":"https:\/\/escoladigital.madeira.gov.pt\/ebsscruz\/wp-json\/wp\/v2\/categories?post=6087"},{"taxonomy":"post_tag","embeddable":true,"href":"https:\/\/escoladigital.madeira.gov.pt\/ebsscruz\/wp-json\/wp\/v2\/tags?post=6087"}],"curies":[{"name":"wp","href":"https:\/\/api.w.org\/{rel}","templated":true}]}}