{"id":447,"date":"2026-01-19T14:42:54","date_gmt":"2026-01-19T14:42:54","guid":{"rendered":"https:\/\/escoladigital.madeira.gov.pt\/extsalesprazeres\/?p=447"},"modified":"2026-01-24T15:30:07","modified_gmt":"2026-01-24T15:30:07","slug":"eco-escolas","status":"publish","type":"post","link":"https:\/\/escoladigital.madeira.gov.pt\/extsalesprazeres\/2026\/01\/19\/eco-escolas\/","title":{"rendered":"Eco-Escolas"},"content":{"rendered":"\n<p><\/p>\n\n\n\n<div class=\"wp-block-columns is-layout-flex wp-container-core-columns-is-layout-28f84493 wp-block-columns-is-layout-flex\">\n<div class=\"wp-block-column is-layout-flow wp-block-column-is-layout-flow\">\n<div id=\"wp-block-themeisle-blocks-slider-39764342\" class=\"wp-block-themeisle-blocks-slider glide\" data-per-view=\"1\" data-gap=\"0\" data-peek=\"0\" data-autoplay=\"true\" data-height=\"400px\" data-hide-arrows=\"false\"><div class=\"glide__track\" data-glide-el=\"track\"><div class=\"glide__slides\"><div class=\"wp-block-themeisle-blocks-slider-item-wrapper glide__slide\"><figure><img decoding=\"async\" class=\"wp-block-themeisle-blocks-slider-item\" src=\"https:\/\/escoladigital.madeira.gov.pt\/extsalesprazeres\/wp-content\/uploads\/sites\/78\/2026\/01\/Captura-de-ecra-2026-01-23-as-17.40.07.png\" alt=\"\" title=\"\" data-id=\"449\" \/><\/figure><\/div><div class=\"wp-block-themeisle-blocks-slider-item-wrapper glide__slide\"><figure><img decoding=\"async\" class=\"wp-block-themeisle-blocks-slider-item\" src=\"https:\/\/escoladigital.madeira.gov.pt\/extsalesprazeres\/wp-content\/uploads\/sites\/78\/2026\/01\/Captura-de-ecra-2026-01-23-as-17.39.45.png\" alt=\"\" title=\"\" data-id=\"448\" \/><\/figure><\/div><\/div><div class=\"glide__bullets\" data-glide-el=\"controls[nav]\"><button class=\"glide__bullet\" data-glide-dir=\"=0\"><\/button><button class=\"glide__bullet\" data-glide-dir=\"=1\"><\/button><\/div><\/div><\/div>\n<\/div>\n\n\n\n<div class=\"wp-block-column is-layout-flow wp-block-column-is-layout-flow\"><h2 class=\"wp-block-post-title\">Eco-Escolas<\/h2>\n\n\n<p>No dia 19 de janeiro, a <a href=\"https:\/\/www.facebook.com\/aguasdamadeira?__cft__[0]=AZZ5PETQAqLu4KKt7oq3NDwNNdRq1DsJP0SVqLl0rsg8Z-VZvNOxCQTPQUA0kaQpmgcgkzm7L3qEWWhvk0D6N4NhQYp9D0Y6uKTFGpl6hd_qFkYYMvT2Jchrc-mPpiLo7pmSuz7cMhtTo_8EzM1Bj7B7X7lOJH4yhMwvTaPi08IU2qT_KP5GIx0a1vY5DeiGi7s&amp;__tn__=-]K-R\">ARM &#8211; \u00c1guas e Res\u00edduos da Madeira, S.A.<\/a> dinamizou uma a\u00e7\u00e3o de sensibiliza\u00e7\u00e3o sobre os res\u00edduos aos alunos do 1.\u00ba Ciclo. <\/p>\n<\/div>\n<\/div>\n","protected":false},"excerpt":{"rendered":"<p>No dia 19 de janeiro, a ARM &#8211; \u00c1guas e Res\u00edduos da Madeira, S.A. dinamizou uma a\u00e7\u00e3o de sensibiliza\u00e7\u00e3o sobre os res\u00edduos aos alunos do 1.\u00ba Ciclo.<\/p>\n","protected":false},"author":108,"featured_media":454,"comment_status":"closed","ping_status":"closed","sticky":false,"template":"","format":"standard","meta":{"site-sidebar-layout":"default","site-content-layout":"","ast-site-content-layout":"default","site-content-style":"default","site-sidebar-style":"default","ast-global-header-display":"","ast-banner-title-visibility":"","ast-main-header-display":"","ast-hfb-above-header-display":"","ast-hfb-below-header-display":"","ast-hfb-mobile-header-display":"","site-post-title":"disabled","ast-breadcrumbs-content":"","ast-featured-img":"","footer-sml-layout":"","ast-disable-related-posts":"","theme-transparent-header-meta":"","adv-header-id-meta":"","stick-header-meta":"","header-above-stick-meta":"","header-main-stick-meta":"","header-below-stick-meta":"","astra-migrate-meta-layouts":"default","ast-page-background-enabled":"default","ast-page-background-meta":{"desktop":{"background-color":"var(--ast-global-color-5)","background-image":"","background-repeat":"repeat","background-position":"center center","background-size":"auto","background-attachment":"scroll","background-type":"","background-media":"","overlay-type":"","overlay-color":"","overlay-opacity":"","overlay-gradient":""},"tablet":{"background-color":"","background-image":"","background-repeat":"repeat","background-position":"center center","background-size":"auto","background-attachment":"scroll","background-type":"","background-media":"","overlay-type":"","overlay-color":"","overlay-opacity":"","overlay-gradient":""},"mobile":{"background-color":"","background-image":"","background-repeat":"repeat","background-position":"center center","background-size":"auto","background-attachment":"scroll","background-type":"","background-media":"","overlay-type":"","overlay-color":"","overlay-opacity":"","overlay-gradient":""}},"ast-content-background-meta":{"desktop":{"background-color":"var(--ast-global-color-4)","background-image":"","background-repeat":"repeat","background-position":"center center","background-size":"auto","background-attachment":"scroll","background-type":"","background-media":"","overlay-type":"","overlay-color":"","overlay-opacity":"","overlay-gradient":""},"tablet":{"background-color":"var(--ast-global-color-4)","background-image":"","background-repeat":"repeat","background-position":"center center","background-size":"auto","background-attachment":"scroll","background-type":"","background-media":"","overlay-type":"","overlay-color":"","overlay-opacity":"","overlay-gradient":""},"mobile":{"background-color":"var(--ast-global-color-4)","background-image":"","background-repeat":"repeat","background-position":"center center","background-size":"auto","background-attachment":"scroll","background-type":"","background-media":"","overlay-type":"","overlay-color":"","overlay-opacity":"","overlay-gradient":""}},"_themeisle_gutenberg_block_has_review":false,"footnotes":""},"categories":[8],"tags":[],"class_list":["post-447","post","type-post","status-publish","format-standard","has-post-thumbnail","hentry","category-palestras"],"_links":{"self":[{"href":"https:\/\/escoladigital.madeira.gov.pt\/extsalesprazeres\/wp-json\/wp\/v2\/posts\/447","targetHints":{"allow":["GET"]}}],"collection":[{"href":"https:\/\/escoladigital.madeira.gov.pt\/extsalesprazeres\/wp-json\/wp\/v2\/posts"}],"about":[{"href":"https:\/\/escoladigital.madeira.gov.pt\/extsalesprazeres\/wp-json\/wp\/v2\/types\/post"}],"author":[{"embeddable":true,"href":"https:\/\/escoladigital.madeira.gov.pt\/extsalesprazeres\/wp-json\/wp\/v2\/users\/108"}],"replies":[{"embeddable":true,"href":"https:\/\/escoladigital.madeira.gov.pt\/extsalesprazeres\/wp-json\/wp\/v2\/comments?post=447"}],"version-history":[{"count":4,"href":"https:\/\/escoladigital.madeira.gov.pt\/extsalesprazeres\/wp-json\/wp\/v2\/posts\/447\/revisions"}],"predecessor-version":[{"id":495,"href":"https:\/\/escoladigital.madeira.gov.pt\/extsalesprazeres\/wp-json\/wp\/v2\/posts\/447\/revisions\/495"}],"wp:featuredmedia":[{"embeddable":true,"href":"https:\/\/escoladigital.madeira.gov.pt\/extsalesprazeres\/wp-json\/wp\/v2\/media\/454"}],"wp:attachment":[{"href":"https:\/\/escoladigital.madeira.gov.pt\/extsalesprazeres\/wp-json\/wp\/v2\/media?parent=447"}],"wp:term":[{"taxonomy":"category","embeddable":true,"href":"https:\/\/escoladigital.madeira.gov.pt\/extsalesprazeres\/wp-json\/wp\/v2\/categories?post=447"},{"taxonomy":"post_tag","embeddable":true,"href":"https:\/\/escoladigital.madeira.gov.pt\/extsalesprazeres\/wp-json\/wp\/v2\/tags?post=447"}],"curies":[{"name":"wp","href":"https:\/\/api.w.org\/{rel}","templated":true}]}}